{"id":650,"date":"2011-03-12T20:36:25","date_gmt":"2011-03-13T02:36:25","guid":{"rendered":"https:\/\/cotodelobos.com\/blog\/?p=650"},"modified":"2018-06-19T11:51:18","modified_gmt":"2018-06-19T17:51:18","slug":"la-dentadura-del-pastor-aleman","status":"publish","type":"post","link":"https:\/\/cotodelobos.com\/blog\/la-dentadura-del-pastor-aleman\/","title":{"rendered":"La Dentadura Del Pastor Alem\u00e1n"},"content":{"rendered":"<h1><img fetchpriority=\"high\" decoding=\"async\" class=\"alignleft size-medium wp-image-651\" style=\"margin: 5px 8px;\" title=\"cachorro pastor aleman\" src=\"https:\/\/cotodelobos.com\/blog\/wp-content\/uploads\/2011\/03\/cachorro-pastor-aleman-212x300.jpg\" alt=\"\" width=\"200\" height=\"284\" \/>La Dentadura Del Pastor Alem\u00e1n<\/h1>\n<p style=\"text-align: justify;\">Ya en repetidas ocasiones me han pedido que hable sobre la dentadura del <strong>Pastor Alem\u00e1n<\/strong>, as\u00ed que en este art\u00edculo encontraras datos muy interesantes sobre la muda dental en los <strong>cachorros<\/strong>, la conformaci\u00f3n de la dentadura del <strong>Pastor Alem\u00e1n<\/strong> adulto as\u00ed como los cuidados que requerir\u00e1 la dentadura de tu <strong>perro<\/strong>.<!--more--><\/p>\n<p style=\"text-align: justify;\">Un <strong>Cachorro de Pastor Alem\u00e1n<\/strong> iniciara la muda de los dientes de leche por los dientes permanentes entre los cinco y seis meses de edad, esta muda implicara al <strong>cachorro<\/strong> un esfuerzo fisiol\u00f3gico importante por lo que es normal que pierda peso no solo por el excesivo consumo de nutrientes sino que es posible que la muda de los dientes le cause dolor y fiebre.<\/p>\n<h2 style=\"text-align: justify;\">La muda dental provoca la ca\u00edda de las orejas en el cachorro Pastor Alem\u00e1n<\/h2>\n<p style=\"text-align: justify;\">Con mucha frecuencia sucede que un <strong>Cachorro Pastor Alem\u00e1n<\/strong> que ha comenzado a levantar sus orejar antes de los cuatro meses al momento de iniciar la muda dental pierda la erecci\u00f3n de sus orejar y estas vuelvan a estar ca\u00eddas, esto ultimo no deber\u00e1 de preocuparte ya que al terminar completamente la muda dental levantara sus orejas, esto mismo suceder\u00e1 en los <strong>cachorros<\/strong> que aun no levantaban sus orejas antes de la muda.<\/p>\n<p style=\"text-align: justify;\">Es muy importante que mantengas una buena nutrici\u00f3n ya que la demanda de nutrientes se vera incrementada durante los meses cr\u00edticos de la muda dental.<\/p>\n<p style=\"text-align: justify;\">Evita darle alimentos muy duros durante esta etapa, remoja su alimento y darle carne suave y fresca, no es necesario que le des suplementos de calcio ya que un excesivo aporte de calcio puede da\u00f1ar su estructura \u00f3sea general<\/p>\n<p style=\"text-align: justify;\">Durante la muda evita jugar con tu <strong>Cachorro Pastor Alem\u00e1n<\/strong> juegos de presa y sujeci\u00f3n para evitar que se da\u00f1en sus enc\u00edas y pueda sufrir de infecciones.<\/p>\n<p style=\"text-align: justify;\">Cuando tu <strong>cachorro<\/strong> concluya con la muda dental deber\u00e1s revisar que todas sus piezas dentales est\u00e9n completas y en buen estado, tu <strong>Pastor Alem\u00e1n<\/strong> deber\u00e1 contar con una dentadura completa de 42 dientes repartidos de la siguiente forma.<\/p>\n<ul>\n<li><strong>En la mand\u00edbula superior 6 dientes incisivos, 2 caninos, 8 premolares y 4 molares para un total de 20 piezas dentales.<\/strong><\/li>\n<li><strong>En la mand\u00edbula inferior 6 dientes incisivos, 2 caninos, 8 premolares y 6 molares para un total de 22 piezas dentales.<\/strong><\/li>\n<\/ul>\n<p style=\"text-align: justify;\">Para conservar la dentadura de tu <strong>Pastor Alem\u00e1n<\/strong> evita el darle alimentos para perros enlatados ya que estos alimentos generan el dep\u00f3sito de sarro dental.<\/p>\n<h2 style=\"text-align: justify;\">Los alimentos duros ayudaran a tu Pastor Alem\u00e1n a tener una dentadura sana.<\/h2>\n<p style=\"text-align: justify;\">Si elijes darle alimentos balanceados selecciona siempre piensos especiales para <strong>perros de razas grande<\/strong> o gigantes pues la croqueta es grande y dura lo que ayudara a mantener la dentadura de tu <strong>Pastor Alem\u00e1n<\/strong> limpia y sana, evita los alimentos balanceados que se ofrecen para todas las razas pues esos piensos no son adecuados para la dentadura de tu <strong>perro<\/strong>.<\/p>\n<p style=\"text-align: justify;\">Una vez por semana dale huesos blandos de costilla de res o carnero, este tipo de huesos al ser penetrados por los dientes de tu <strong>perro<\/strong> arrastraran el deposito de sarro y mantendr\u00e1n limpios los dientes y aumentaran la fuerza de la mordida de los <strong>Pastores Alemanes<\/strong> dedicados al trabajo deportivo y de utilidad.<\/p>\n<p style=\"text-align: justify;\">El <strong>Pastor Alem\u00e1n<\/strong> es un <strong>perro<\/strong> guardi\u00e1n por naturaleza y sus dientes son su principal arma despu\u00e9s de su imponente presencia, el mantener en buenas condiciones la dentadura de tu <strong>perro<\/strong> es tu responsabilidad.<\/p>\n<p style=\"text-align: justify;\"><span style=\"color: #ffffff;\">.<\/span><\/p>\n<p style=\"text-align: justify;\"><strong>ARTICULOS RELACIONADOS<\/strong><\/p>\n<h3 style=\"text-align: justify;\"><strong><a href=\"https:\/\/cotodelobos.com\/blog\/la-alimentacion-del-pastor-aleman\/\" target=\"_blank\" rel=\"noopener\">Alimentaci\u00f3n del Pastor Alem\u00e1n<\/a><\/strong><\/h3>\n<p>&nbsp;<\/p>\n<p><span style=\"font-family: arial, helvetica, sans-serif; color: #ff0000;\"><strong>Si el art\u00edculo te gust\u00f3 por favor comp\u00e1rtelo con tus amigos. \u00a1Gracias!<\/strong><\/span><\/p>\n<p>S\u00cdGUEME EN GOOGLE+:\u00a0<a title=\"ruben borja\" href=\"https:\/\/www.google.com\/+RubenBorjaOficial\" target=\"_blank\" rel=\"noopener\"><span style=\"color: #0000ff;\">https:\/\/www.google.com\/+RubenBorjaOficial<\/span><br \/>\n<\/a>S\u00cdGUEME EN TWITTER:<span style=\"color: #0000ff;\">\u00a0<\/span><a title=\"ruben borja\" href=\"http:\/\/twitter.com\/Ruben_Borja\" target=\"_blank\" rel=\"noopener\"><span style=\"color: #0000ff;\">http:\/\/Twitter.com<strong>\/<\/strong>Ruben_Borja<\/span><br \/>\n<\/a>\u00a1LIKE EN FACEBOOK!: <span style=\"color: #0000ff;\"><a style=\"color: #0000ff;\" href=\"https:\/\/facebook.com\/CotoDeLobosOficial\/\" target=\"_blank\" rel=\"noopener\">https:\/\/facebook.com\/CotoDeLobosOficial\/<\/a><\/span><a title=\"ruben borja\" href=\"http:\/\/on.fb.me\/rubenborja\" target=\"_blank\" rel=\"noopener\"><br \/>\n<\/a>CANAL DE YOUTUBE:\u00a0<span style=\"color: #0000ff;\"><a style=\"color: #0000ff;\" title=\" onclick =\" href=\"http:\/\/www.youtube.com\/user\/CotoDeLobos\" target=\"_blank\" rel=\"noopener\">http:\/youtube.com<\/a><strong><a style=\"color: #0000ff;\" title=\" onclick =\" href=\"http:\/\/www.youtube.com\/user\/CotoDeLobos\" target=\"_blank\" rel=\"noopener\">\/<\/a><\/strong><a style=\"color: #0000ff;\" title=\" onclick =\" href=\"http:\/\/www.youtube.com\/user\/CotoDeLobos\" target=\"_blank\" rel=\"noopener\">user\/CotoDeLobos<\/a><\/span><a title=\"youtube de mi perro educado\" href=\"http:\/\/www.youtube.com\/user\/MiPerroEducado\" target=\"_blank\" rel=\"noopener\"><br \/>\n<\/a>OTRO DE MIS BLOGS:\u00a0<a title=\"como educar perros\" href=\"http:\/\/miperroeducado.com\/\" target=\"_blank\" rel=\"noopener\"><span style=\"color: #0000ff;\">http:\/\/MiPerroEducado.com<\/span><br \/>\n<\/a>HAZME LA PREGUNTA QUE QUIERAS:\u00a0<span style=\"color: #0000ff;\"><a style=\"color: #0000ff;\" title=\" onclick =\" href=\"http:\/\/ask.fm\/RubenBorjaM\" target=\"_blank\" rel=\"noopener\">http:\/\/ask.fm\/RubenBorjaM<\/a><\/span><\/p>\n<p><a href=\"https:\/\/cotodelobos.com\/blog\/wp-content\/uploads\/2011\/02\/envio-de-comentarios2.jpg\"><img decoding=\"async\" class=\"aligncenter size-full wp-image-1415\" src=\"https:\/\/cotodelobos.com\/blog\/wp-content\/uploads\/2011\/02\/envio-de-comentarios2.jpg\" alt=\"envio-de-comentarios2\" width=\"492\" height=\"118\" srcset=\"https:\/\/cotodelobos.com\/blog\/wp-content\/uploads\/2011\/02\/envio-de-comentarios2.jpg 492w, https:\/\/cotodelobos.com\/blog\/wp-content\/uploads\/2011\/02\/envio-de-comentarios2-300x71.jpg 300w\" sizes=\"(max-width: 492px) 100vw, 492px\" \/><\/a>.<\/p>\n","protected":false},"excerpt":{"rendered":"<p>La Dentadura Del Pastor Alem\u00e1n Ya en repetidas ocasiones me han pedido que hable sobre la dentadura del Pastor Alem\u00e1n, as\u00ed que en este art\u00edculo encontraras datos muy interesantes sobre la muda dental en los cachorros, la conformaci\u00f3n de la dentadura del Pastor Alem\u00e1n adulto as\u00ed como los cuidados que requerir\u00e1 la dentadura de tu perro.<\/p>\n","protected":false},"author":1,"featured_media":651,"comment_status":"open","ping_status":"open","sticky":false,"template":"","format":"standard","meta":{"footnotes":""},"categories":[14,5,65],"tags":[70,71],"class_list":["post-650","post","type-post","status-publish","format-standard","has-post-thumbnail","hentry","category-cachorros-coto-de-lobos","category-coto-de-lobos","category-salud-y-alimentacion","tag-en-este-articulo-encontraras-datos-muy-interesantes-sobre-la-muda-dental-en-los-cachorros","tag-la-conformacion-de-la-dentadura-del-pastor-aleman-adulto-asi-como-los-cuidados-que-requerira-la-dentadura-de-tu-perro"],"yoast_head":"<!-- This site is optimized with the Yoast SEO plugin v27.4 - https:\/\/yoast.com\/product\/yoast-seo-wordpress\/ -->\n<title>La Dentadura Del Pastor Alem\u00e1n - Coto de Lobos<\/title>\n<meta name=\"robots\" content=\"index, follow, max-snippet:-1, max-image-preview:large, max-video-preview:-1\" \/>\n<link rel=\"canonical\" href=\"https:\/\/cotodelobos.com\/blog\/la-dentadura-del-pastor-aleman\/\" \/>\n<meta property=\"og:locale\" content=\"es_ES\" \/>\n<meta property=\"og:type\" content=\"article\" \/>\n<meta property=\"og:title\" content=\"La Dentadura Del Pastor Alem\u00e1n - Coto de Lobos\" \/>\n<meta property=\"og:description\" content=\"La Dentadura Del Pastor Alem\u00e1n Ya en repetidas ocasiones me han pedido que hable sobre la dentadura del Pastor Alem\u00e1n, as\u00ed que en este art\u00edculo encontraras datos muy interesantes sobre la muda dental en los cachorros, la conformaci\u00f3n de la dentadura del Pastor Alem\u00e1n adulto as\u00ed como los cuidados que requerir\u00e1 la dentadura de tu perro.\" \/>\n<meta property=\"og:url\" content=\"https:\/\/cotodelobos.com\/blog\/la-dentadura-del-pastor-aleman\/\" \/>\n<meta property=\"og:site_name\" content=\"Coto de Lobos\" \/>\n<meta property=\"article:publisher\" content=\"https:\/\/www.facebook.com\/CotoDeLobosOficial\" \/>\n<meta property=\"article:published_time\" content=\"2011-03-13T02:36:25+00:00\" \/>\n<meta property=\"article:modified_time\" content=\"2018-06-19T17:51:18+00:00\" \/>\n<meta property=\"og:image\" content=\"https:\/\/cotodelobos.com\/blog\/wp-content\/uploads\/2011\/03\/cachorro-pastor-aleman.jpg\" \/>\n\t<meta property=\"og:image:width\" content=\"256\" \/>\n\t<meta property=\"og:image:height\" content=\"361\" \/>\n\t<meta property=\"og:image:type\" content=\"image\/jpeg\" \/>\n<meta name=\"author\" content=\"Rub\u00e9n Borja\" \/>\n<meta name=\"twitter:card\" content=\"summary_large_image\" \/>\n<meta name=\"twitter:creator\" content=\"@arbo\" \/>\n<meta name=\"twitter:label1\" content=\"Escrito por\" \/>\n\t<meta name=\"twitter:data1\" content=\"Rub\u00e9n Borja\" \/>\n\t<meta name=\"twitter:label2\" content=\"Tiempo de lectura\" \/>\n\t<meta name=\"twitter:data2\" content=\"3 minutos\" \/>\n<script type=\"application\/ld+json\" class=\"yoast-schema-graph\">{\"@context\":\"https:\\\/\\\/schema.org\",\"@graph\":[{\"@type\":\"Article\",\"@id\":\"https:\\\/\\\/cotodelobos.com\\\/blog\\\/la-dentadura-del-pastor-aleman\\\/#article\",\"isPartOf\":{\"@id\":\"https:\\\/\\\/cotodelobos.com\\\/blog\\\/la-dentadura-del-pastor-aleman\\\/\"},\"author\":{\"name\":\"Rub\u00e9n Borja\",\"@id\":\"https:\\\/\\\/cotodelobos.com\\\/blog\\\/#\\\/schema\\\/person\\\/e794c5c7281382f93c46e84e56ded0a6\"},\"headline\":\"La Dentadura Del Pastor Alem\u00e1n\",\"datePublished\":\"2011-03-13T02:36:25+00:00\",\"dateModified\":\"2018-06-19T17:51:18+00:00\",\"mainEntityOfPage\":{\"@id\":\"https:\\\/\\\/cotodelobos.com\\\/blog\\\/la-dentadura-del-pastor-aleman\\\/\"},\"wordCount\":664,\"commentCount\":90,\"image\":{\"@id\":\"https:\\\/\\\/cotodelobos.com\\\/blog\\\/la-dentadura-del-pastor-aleman\\\/#primaryimage\"},\"thumbnailUrl\":\"https:\\\/\\\/cotodelobos.com\\\/blog\\\/wp-content\\\/uploads\\\/2011\\\/03\\\/cachorro-pastor-aleman.jpg\",\"keywords\":[\"en este art\u00edculo encontraras datos muy interesantes sobre la muda dental en los cachorros\",\"la conformaci\u00f3n de la dentadura del Pastor Alem\u00e1n adulto as\u00ed como los cuidados que requerir\u00e1 la dentadura de tu perro.\"],\"articleSection\":[\"Cachorros\",\"Coto de Lobos\",\"Salud y Alimentaci\u00f3n\"],\"inLanguage\":\"es\",\"potentialAction\":[{\"@type\":\"CommentAction\",\"name\":\"Comment\",\"target\":[\"https:\\\/\\\/cotodelobos.com\\\/blog\\\/la-dentadura-del-pastor-aleman\\\/#respond\"]}]},{\"@type\":\"WebPage\",\"@id\":\"https:\\\/\\\/cotodelobos.com\\\/blog\\\/la-dentadura-del-pastor-aleman\\\/\",\"url\":\"https:\\\/\\\/cotodelobos.com\\\/blog\\\/la-dentadura-del-pastor-aleman\\\/\",\"name\":\"La Dentadura Del Pastor Alem\u00e1n - Coto de Lobos\",\"isPartOf\":{\"@id\":\"https:\\\/\\\/cotodelobos.com\\\/blog\\\/#website\"},\"primaryImageOfPage\":{\"@id\":\"https:\\\/\\\/cotodelobos.com\\\/blog\\\/la-dentadura-del-pastor-aleman\\\/#primaryimage\"},\"image\":{\"@id\":\"https:\\\/\\\/cotodelobos.com\\\/blog\\\/la-dentadura-del-pastor-aleman\\\/#primaryimage\"},\"thumbnailUrl\":\"https:\\\/\\\/cotodelobos.com\\\/blog\\\/wp-content\\\/uploads\\\/2011\\\/03\\\/cachorro-pastor-aleman.jpg\",\"datePublished\":\"2011-03-13T02:36:25+00:00\",\"dateModified\":\"2018-06-19T17:51:18+00:00\",\"author\":{\"@id\":\"https:\\\/\\\/cotodelobos.com\\\/blog\\\/#\\\/schema\\\/person\\\/e794c5c7281382f93c46e84e56ded0a6\"},\"breadcrumb\":{\"@id\":\"https:\\\/\\\/cotodelobos.com\\\/blog\\\/la-dentadura-del-pastor-aleman\\\/#breadcrumb\"},\"inLanguage\":\"es\",\"potentialAction\":[{\"@type\":\"ReadAction\",\"target\":[\"https:\\\/\\\/cotodelobos.com\\\/blog\\\/la-dentadura-del-pastor-aleman\\\/\"]}]},{\"@type\":\"ImageObject\",\"inLanguage\":\"es\",\"@id\":\"https:\\\/\\\/cotodelobos.com\\\/blog\\\/la-dentadura-del-pastor-aleman\\\/#primaryimage\",\"url\":\"https:\\\/\\\/cotodelobos.com\\\/blog\\\/wp-content\\\/uploads\\\/2011\\\/03\\\/cachorro-pastor-aleman.jpg\",\"contentUrl\":\"https:\\\/\\\/cotodelobos.com\\\/blog\\\/wp-content\\\/uploads\\\/2011\\\/03\\\/cachorro-pastor-aleman.jpg\",\"width\":\"256\",\"height\":\"361\"},{\"@type\":\"BreadcrumbList\",\"@id\":\"https:\\\/\\\/cotodelobos.com\\\/blog\\\/la-dentadura-del-pastor-aleman\\\/#breadcrumb\",\"itemListElement\":[{\"@type\":\"ListItem\",\"position\":1,\"name\":\"Portada\",\"item\":\"https:\\\/\\\/cotodelobos.com\\\/blog\\\/\"},{\"@type\":\"ListItem\",\"position\":2,\"name\":\"La Dentadura Del Pastor Alem\u00e1n\"}]},{\"@type\":\"WebSite\",\"@id\":\"https:\\\/\\\/cotodelobos.com\\\/blog\\\/#website\",\"url\":\"https:\\\/\\\/cotodelobos.com\\\/blog\\\/\",\"name\":\"Coto de Lobos\",\"description\":\"Cria Natural del Pastor Alem\u00e1n SV\",\"potentialAction\":[{\"@type\":\"SearchAction\",\"target\":{\"@type\":\"EntryPoint\",\"urlTemplate\":\"https:\\\/\\\/cotodelobos.com\\\/blog\\\/?s={search_term_string}\"},\"query-input\":{\"@type\":\"PropertyValueSpecification\",\"valueRequired\":true,\"valueName\":\"search_term_string\"}}],\"inLanguage\":\"es\"},{\"@type\":\"Person\",\"@id\":\"https:\\\/\\\/cotodelobos.com\\\/blog\\\/#\\\/schema\\\/person\\\/e794c5c7281382f93c46e84e56ded0a6\",\"name\":\"Rub\u00e9n Borja\",\"sameAs\":[\"https:\\\/\\\/x.com\\\/arbo\"],\"url\":\"https:\\\/\\\/cotodelobos.com\\\/blog\\\/author\\\/arbo\\\/\"}]}<\/script>\n<!-- \/ Yoast SEO plugin. -->","yoast_head_json":{"title":"La Dentadura Del Pastor Alem\u00e1n - Coto de Lobos","robots":{"index":"index","follow":"follow","max-snippet":"max-snippet:-1","max-image-preview":"max-image-preview:large","max-video-preview":"max-video-preview:-1"},"canonical":"https:\/\/cotodelobos.com\/blog\/la-dentadura-del-pastor-aleman\/","og_locale":"es_ES","og_type":"article","og_title":"La Dentadura Del Pastor Alem\u00e1n - Coto de Lobos","og_description":"La Dentadura Del Pastor Alem\u00e1n Ya en repetidas ocasiones me han pedido que hable sobre la dentadura del Pastor Alem\u00e1n, as\u00ed que en este art\u00edculo encontraras datos muy interesantes sobre la muda dental en los cachorros, la conformaci\u00f3n de la dentadura del Pastor Alem\u00e1n adulto as\u00ed como los cuidados que requerir\u00e1 la dentadura de tu perro.","og_url":"https:\/\/cotodelobos.com\/blog\/la-dentadura-del-pastor-aleman\/","og_site_name":"Coto de Lobos","article_publisher":"https:\/\/www.facebook.com\/CotoDeLobosOficial","article_published_time":"2011-03-13T02:36:25+00:00","article_modified_time":"2018-06-19T17:51:18+00:00","og_image":[{"width":256,"height":361,"url":"https:\/\/cotodelobos.com\/blog\/wp-content\/uploads\/2011\/03\/cachorro-pastor-aleman.jpg","type":"image\/jpeg"}],"author":"Rub\u00e9n Borja","twitter_card":"summary_large_image","twitter_creator":"@arbo","twitter_misc":{"Escrito por":"Rub\u00e9n Borja","Tiempo de lectura":"3 minutos"},"schema":{"@context":"https:\/\/schema.org","@graph":[{"@type":"Article","@id":"https:\/\/cotodelobos.com\/blog\/la-dentadura-del-pastor-aleman\/#article","isPartOf":{"@id":"https:\/\/cotodelobos.com\/blog\/la-dentadura-del-pastor-aleman\/"},"author":{"name":"Rub\u00e9n Borja","@id":"https:\/\/cotodelobos.com\/blog\/#\/schema\/person\/e794c5c7281382f93c46e84e56ded0a6"},"headline":"La Dentadura Del Pastor Alem\u00e1n","datePublished":"2011-03-13T02:36:25+00:00","dateModified":"2018-06-19T17:51:18+00:00","mainEntityOfPage":{"@id":"https:\/\/cotodelobos.com\/blog\/la-dentadura-del-pastor-aleman\/"},"wordCount":664,"commentCount":90,"image":{"@id":"https:\/\/cotodelobos.com\/blog\/la-dentadura-del-pastor-aleman\/#primaryimage"},"thumbnailUrl":"https:\/\/cotodelobos.com\/blog\/wp-content\/uploads\/2011\/03\/cachorro-pastor-aleman.jpg","keywords":["en este art\u00edculo encontraras datos muy interesantes sobre la muda dental en los cachorros","la conformaci\u00f3n de la dentadura del Pastor Alem\u00e1n adulto as\u00ed como los cuidados que requerir\u00e1 la dentadura de tu perro."],"articleSection":["Cachorros","Coto de Lobos","Salud y Alimentaci\u00f3n"],"inLanguage":"es","potentialAction":[{"@type":"CommentAction","name":"Comment","target":["https:\/\/cotodelobos.com\/blog\/la-dentadura-del-pastor-aleman\/#respond"]}]},{"@type":"WebPage","@id":"https:\/\/cotodelobos.com\/blog\/la-dentadura-del-pastor-aleman\/","url":"https:\/\/cotodelobos.com\/blog\/la-dentadura-del-pastor-aleman\/","name":"La Dentadura Del Pastor Alem\u00e1n - Coto de Lobos","isPartOf":{"@id":"https:\/\/cotodelobos.com\/blog\/#website"},"primaryImageOfPage":{"@id":"https:\/\/cotodelobos.com\/blog\/la-dentadura-del-pastor-aleman\/#primaryimage"},"image":{"@id":"https:\/\/cotodelobos.com\/blog\/la-dentadura-del-pastor-aleman\/#primaryimage"},"thumbnailUrl":"https:\/\/cotodelobos.com\/blog\/wp-content\/uploads\/2011\/03\/cachorro-pastor-aleman.jpg","datePublished":"2011-03-13T02:36:25+00:00","dateModified":"2018-06-19T17:51:18+00:00","author":{"@id":"https:\/\/cotodelobos.com\/blog\/#\/schema\/person\/e794c5c7281382f93c46e84e56ded0a6"},"breadcrumb":{"@id":"https:\/\/cotodelobos.com\/blog\/la-dentadura-del-pastor-aleman\/#breadcrumb"},"inLanguage":"es","potentialAction":[{"@type":"ReadAction","target":["https:\/\/cotodelobos.com\/blog\/la-dentadura-del-pastor-aleman\/"]}]},{"@type":"ImageObject","inLanguage":"es","@id":"https:\/\/cotodelobos.com\/blog\/la-dentadura-del-pastor-aleman\/#primaryimage","url":"https:\/\/cotodelobos.com\/blog\/wp-content\/uploads\/2011\/03\/cachorro-pastor-aleman.jpg","contentUrl":"https:\/\/cotodelobos.com\/blog\/wp-content\/uploads\/2011\/03\/cachorro-pastor-aleman.jpg","width":"256","height":"361"},{"@type":"BreadcrumbList","@id":"https:\/\/cotodelobos.com\/blog\/la-dentadura-del-pastor-aleman\/#breadcrumb","itemListElement":[{"@type":"ListItem","position":1,"name":"Portada","item":"https:\/\/cotodelobos.com\/blog\/"},{"@type":"ListItem","position":2,"name":"La Dentadura Del Pastor Alem\u00e1n"}]},{"@type":"WebSite","@id":"https:\/\/cotodelobos.com\/blog\/#website","url":"https:\/\/cotodelobos.com\/blog\/","name":"Coto de Lobos","description":"Cria Natural del Pastor Alem\u00e1n SV","potentialAction":[{"@type":"SearchAction","target":{"@type":"EntryPoint","urlTemplate":"https:\/\/cotodelobos.com\/blog\/?s={search_term_string}"},"query-input":{"@type":"PropertyValueSpecification","valueRequired":true,"valueName":"search_term_string"}}],"inLanguage":"es"},{"@type":"Person","@id":"https:\/\/cotodelobos.com\/blog\/#\/schema\/person\/e794c5c7281382f93c46e84e56ded0a6","name":"Rub\u00e9n Borja","sameAs":["https:\/\/x.com\/arbo"],"url":"https:\/\/cotodelobos.com\/blog\/author\/arbo\/"}]}},"_links":{"self":[{"href":"https:\/\/cotodelobos.com\/blog\/wp-json\/wp\/v2\/posts\/650","targetHints":{"allow":["GET"]}}],"collection":[{"href":"https:\/\/cotodelobos.com\/blog\/wp-json\/wp\/v2\/posts"}],"about":[{"href":"https:\/\/cotodelobos.com\/blog\/wp-json\/wp\/v2\/types\/post"}],"author":[{"embeddable":true,"href":"https:\/\/cotodelobos.com\/blog\/wp-json\/wp\/v2\/users\/1"}],"replies":[{"embeddable":true,"href":"https:\/\/cotodelobos.com\/blog\/wp-json\/wp\/v2\/comments?post=650"}],"version-history":[{"count":14,"href":"https:\/\/cotodelobos.com\/blog\/wp-json\/wp\/v2\/posts\/650\/revisions"}],"predecessor-version":[{"id":3127,"href":"https:\/\/cotodelobos.com\/blog\/wp-json\/wp\/v2\/posts\/650\/revisions\/3127"}],"wp:featuredmedia":[{"embeddable":true,"href":"https:\/\/cotodelobos.com\/blog\/wp-json\/wp\/v2\/media\/651"}],"wp:attachment":[{"href":"https:\/\/cotodelobos.com\/blog\/wp-json\/wp\/v2\/media?parent=650"}],"wp:term":[{"taxonomy":"category","embeddable":true,"href":"https:\/\/cotodelobos.com\/blog\/wp-json\/wp\/v2\/categories?post=650"},{"taxonomy":"post_tag","embeddable":true,"href":"https:\/\/cotodelobos.com\/blog\/wp-json\/wp\/v2\/tags?post=650"}],"curies":[{"name":"wp","href":"https:\/\/api.w.org\/{rel}","templated":true}]}}