{"id":2080,"date":"2014-12-19T17:06:25","date_gmt":"2014-12-19T23:06:25","guid":{"rendered":"https:\/\/cotodelobos.com\/blog\/?p=2080"},"modified":"2018-06-18T19:03:14","modified_gmt":"2018-06-19T01:03:14","slug":"el-olfato-de-tu-pastor-aleman","status":"publish","type":"post","link":"https:\/\/cotodelobos.com\/blog\/el-olfato-de-tu-pastor-aleman\/","title":{"rendered":"Tu Pastor Alem\u00e1n Ve El Mundo Por Su Nariz"},"content":{"rendered":"<p style=\"text-align: justify;\"><img fetchpriority=\"high\" decoding=\"async\" class=\"aligncenter size-full wp-image-2083\" src=\"https:\/\/cotodelobos.com\/blog\/wp-content\/uploads\/2014\/12\/Pastor-Alem\u00e1n-de-Rastreo.jpg\" alt=\"Pastor Alem\u00e1n de Trabajo\" width=\"600\" height=\"270\" srcset=\"https:\/\/cotodelobos.com\/blog\/wp-content\/uploads\/2014\/12\/Pastor-Alem\u00e1n-de-Rastreo.jpg 600w, https:\/\/cotodelobos.com\/blog\/wp-content\/uploads\/2014\/12\/Pastor-Alem\u00e1n-de-Rastreo-300x135.jpg 300w\" sizes=\"(max-width: 600px) 100vw, 600px\" \/><\/p>\n<p style=\"text-align: justify;\"><span style=\"font-family: arial, helvetica, sans-serif;\">Un perro pastor alem\u00e1n es un animal dotado de una de las narices caninas m\u00e1s poderosas del mundo canino, tu pastor alem\u00e1n es capaz de ver el mundo a trav\u00e9s de su nariz mucho mejor que a trav\u00e9s sus ojos y no solo eso, sino que su olfato es el sentido que puede transformar a tu perro en un tranquilo y maduro compa\u00f1ero.<\/span><!--more--><\/p>\n<p style=\"text-align: justify;\"><span style=\"font-family: arial, helvetica, sans-serif;\">Tu pastor alem\u00e1n al igual que el resto de los perros del mundo sin importar su raza sexo o edad se comportan de acuerdo a tres elementos que son la base de sus comportamientos, estos tres elementos son: su anatom\u00eda, su fisiolog\u00eda y su psicolog\u00eda.<\/span><\/p>\n<p style=\"text-align: justify;\"><span style=\"font-family: arial, helvetica, sans-serif;\">El olfato es un sentido quimiorreceptor encargado de detectar y procesar los olores, en \u00e9l act\u00faan como estimulante las part\u00edculas odorantes, arom\u00e1ticas u odor\u00edferas desprendidas de los cuerpos vol\u00e1tiles que ingresan por el epitelio olfatorio ubicado en la cavidad nasal y son procesadas por el sistema olfativo.<\/span><!--more--><\/p>\n<p style=\"text-align: justify;\"><span style=\"font-family: arial, helvetica, sans-serif; font-size: 12pt;\">La capacidad olfativa de tu pastor alem\u00e1n se ha desarrollado en el curso de su evoluci\u00f3n este mecanismo le da la capacidad para reconocer diversos olores y transmitir esta informaci\u00f3n desde su cavidad nasal al cerebro, donde debe descifrarse para ofrecer una representaci\u00f3n interna del mundo exterior, de la que se valen tu perro para identificar el alimento, depredadores o pareja.<\/span><\/p>\n<p style=\"text-align: justify;\"><span style=\"font-family: arial, helvetica, sans-serif;\">Para tu perro los olores son el medio m\u00e1s eficaz de que dispone para comunicarse con otros e interpretar el entorno, siendo el comportamiento reflexivo la respuesta a los olores para implementar las conductas que aseguren su supervivencia.<\/span><\/p>\n<p style=\"text-align: justify;\"><span style=\"font-family: arial, helvetica, sans-serif;\">Despu\u00e9s de hablar sobre la anatom\u00eda y fisiolog\u00eda del sentido del olfato ahora me referir\u00e9 a su relaci\u00f3n con el psique de tu perro.<\/span><\/p>\n<p style=\"text-align: justify;\"><span style=\"font-family: arial, helvetica, sans-serif;\">Es muy importante que sepas que tu perro pastor alem\u00e1n necesita de su capacidad reflexiva para poder interpretar el mundo que le rodea. Todos los perros son reactivos al movimiento y reflexivos al olfato, ahora te explico esto:<\/span><\/p>\n<p style=\"text-align: justify;\"><span style=\"font-family: arial, helvetica, sans-serif;\">La reactividad del perro es esa pulsi\u00f3n a veces compulsiva que observamos en la mayor\u00eda de los perros nerviosos y ansiosos que viven obsesionados por la pelota o el juguete, esta pulsi\u00f3n se encuentra manifiesta en la mayor\u00eda de los perros que se entrenan para circuitos deportivos ya que la reactividad provoca una respuesta refleja sin mediaci\u00f3n del neocortex, es decir el perro sale disparado tras lo que se mueve, sin pensar! eso es la \u201creactividad\u201d.<\/span><\/p>\n<p style=\"text-align: justify;\"><span style=\"font-family: arial, helvetica, sans-serif;\">A diferencia de la reactividad, tu perro puede entrar en un estado de reflexibilidad cuando usa su olfato, cuando los educadores o propietarios ense\u00f1amos o m\u00e1s que ense\u00f1ar le permitimos al cachorro y al perro adulto el uso natural de su nariz, estamos dando al perro la oportunidad de conocer el mundo y reflexionar sobre lo que es mejor para \u00e9l, echando mano de su reflexividad y de su experiencia cognitiva.<\/span><\/p>\n<p style=\"text-align: justify;\"><span style=\"font-family: arial, helvetica, sans-serif;\">Un pastor alem\u00e1n que es criado en un mundo de olores aprende a ser un perro relajado y reflexivo, esto se logra de manera natural aceptando que el perro es un animal de olfato y no de vista, si el perro vive usando al 100% su capacidad olfativa-reflexiva se comportara como un perro tranquilo y equilibrado.<\/span><\/p>\n<p style=\"text-align: justify;\"><span style=\"font-family: arial, helvetica, sans-serif;\">Para darte una visi\u00f3n general de lo que aqu\u00ed te he explicado te pido que imagines estas dos situaciones.<\/span><\/p>\n<p style=\"text-align: justify;\"><span style=\"font-family: arial, helvetica, sans-serif;\">Un perro pastor alem\u00e1n reactivo es un perro ansioso y nervioso que est\u00e1 a punto de salir en un estallido de carrera ante el primer movimiento de un perro, ardilla o ave, esto lo hace porque el hombre le ense\u00f1\u00f3 a usar sus ojos y reaccionar ante el movimiento, tal y como lo hacen los humanos que son muy visuales.<\/span><\/p>\n<p style=\"text-align: justify;\"><span style=\"font-family: arial, helvetica, sans-serif;\">Un perro pastor aleman reflexivo es un perro relajado y equilibrado que utiliza su nariz para analizar con su poderosa capacidad todo lo que hay en su entorno ya que le basta con recoger el olor del parque para saber que hay una ardilla a 50 metros 5 palomas a 30 metros a la izquierda y dos perros machos de 1 a\u00f1o corriendo a 200 metros sobre el c\u00e9sped, el perro de este ejemplo podr\u00e1 pasear sin la ansiedad o nerviosismos que provoca el estado reactivo al movimiento, lo que se refleja en cero problemas para \u00e9l y su gu\u00eda por la sencilla raz\u00f3n de que el perro ya \u201cEscaneo\u201d su entorno activando la capacidad reflexiva que posee en base a su anatom\u00eda, fisiolog\u00eda y psicolog\u00eda.<\/span><\/p>\n<p style=\"text-align: justify;\"><span style=\"font-family: arial, helvetica, sans-serif;\">Te invito a que permitas a tus perros vivir una vida natural lo que se traducir\u00e1 en una mejor relaci\u00f3n con su entorno y con tu familia, el perro pastor alem\u00e1n ve el mundo a trav\u00e9s de su nariz reflexionando en base a sus experiencias lo que es mejor para \u00e9l siempre en beneficio de su manada.<\/span><\/p>\n<p style=\"text-align: center;\"><img decoding=\"async\" class=\"aligncenter size-full wp-image-2081\" src=\"https:\/\/cotodelobos.com\/blog\/wp-content\/uploads\/2014\/12\/faehrtenhund.gif\" alt=\"pastor alem\u00e1n de rastreo\" width=\"340\" height=\"62\" \/><\/p>\n<p>&nbsp;<\/p>\n<p><span style=\"font-family: arial, helvetica, sans-serif; font-size: 12pt; color: #ff0000;\"><strong>Si el art\u00edculo te gust\u00f3 por favor comp\u00e1rtelo con tus amigos. \u00a1Gracias!<\/strong><\/span><\/p>\n<p>S\u00cdGUEME EN GOOGLE+:\u00a0<a title=\"ruben borja\" href=\"https:\/\/www.google.com\/+RubenBorjaOficial\" target=\"_blank\" rel=\"noopener\"><span style=\"color: #0000ff;\">https:\/\/www.google.com\/+RubenBorjaOficial<\/span><br \/>\n<\/a>S\u00cdGUEME EN TWITTER:<span style=\"color: #0000ff;\">\u00a0<\/span><a title=\"ruben borja\" href=\"http:\/\/twitter.com\/Ruben_Borja\" target=\"_blank\" rel=\"noopener\"><span style=\"color: #0000ff;\">http:\/\/Twitter.com<strong>\/<\/strong>Ruben_Borja<\/span><br \/>\n<\/a>\u00a1LIKE EN FACEBOOK!: <span style=\"color: #0000ff;\"><a style=\"color: #0000ff;\" href=\"https:\/\/facebook.com\/CotoDeLobosOficial\/\" target=\"_blank\" rel=\"noopener\">https:\/\/facebook.com\/CotoDeLobosOficial\/<\/a><\/span><a title=\"ruben borja\" href=\"http:\/\/on.fb.me\/rubenborja\" target=\"_blank\" rel=\"noopener\"><br \/>\n<\/a>CANAL DE YOUTUBE:\u00a0<span style=\"color: #0000ff;\"><a style=\"color: #0000ff;\" title=\" onclick =\" href=\"http:\/\/www.youtube.com\/user\/CotoDeLobos\" target=\"_blank\" rel=\"noopener\">http:\/youtube.com<\/a><strong><a style=\"color: #0000ff;\" title=\" onclick =\" href=\"http:\/\/www.youtube.com\/user\/CotoDeLobos\" target=\"_blank\" rel=\"noopener\">\/<\/a><\/strong><a style=\"color: #0000ff;\" title=\" onclick =\" href=\"http:\/\/www.youtube.com\/user\/CotoDeLobos\" target=\"_blank\" rel=\"noopener\">user\/CotoDeLobos<\/a><\/span><a title=\"youtube de mi perro educado\" href=\"http:\/\/www.youtube.com\/user\/MiPerroEducado\" target=\"_blank\" rel=\"noopener\"><br \/>\n<\/a>OTRO DE MIS BLOGS:\u00a0<a title=\"como educar perros\" href=\"http:\/\/miperroeducado.com\/\" target=\"_blank\" rel=\"noopener\"><span style=\"color: #0000ff;\">http:\/\/MiPerroEducado.com<\/span><br \/>\n<\/a>HAZME LA PREGUNTA QUE QUIERAS:\u00a0<span style=\"color: #0000ff;\"><a style=\"color: #0000ff;\" title=\" onclick =\" href=\"http:\/\/ask.fm\/RubenBorjaM\" target=\"_blank\" rel=\"noopener\">http:\/\/ask.fm\/RubenBorjaM<\/a><\/span><\/p>\n<p>&nbsp;<\/p>\n<p style=\"text-align: center;\"><img decoding=\"async\" class=\"aligncenter size-full wp-image-2072\" src=\"https:\/\/cotodelobos.com\/blog\/wp-content\/uploads\/2014\/12\/Deja-tu-comentario-abajo.png\" alt=\"Deja-tu-comentario-abajo\" width=\"474\" height=\"86\" srcset=\"https:\/\/cotodelobos.com\/blog\/wp-content\/uploads\/2014\/12\/Deja-tu-comentario-abajo.png 474w, https:\/\/cotodelobos.com\/blog\/wp-content\/uploads\/2014\/12\/Deja-tu-comentario-abajo-300x54.png 300w\" sizes=\"(max-width: 474px) 100vw, 474px\" \/><\/p>\n","protected":false},"excerpt":{"rendered":"<p>Un perro pastor alem\u00e1n es un animal dotado de una de las narices caninas m\u00e1s poderosas del mundo canino, tu pastor alem\u00e1n es capaz de ver el mundo a trav\u00e9s de su nariz mucho mejor que a trav\u00e9s sus ojos y no solo eso, sino que su olfato es el sentido que puede transformar a tu perro en un tranquilo y maduro compa\u00f1ero.<\/p>\n","protected":false},"author":1,"featured_media":2081,"comment_status":"open","ping_status":"open","sticky":false,"template":"","format":"standard","meta":{"footnotes":""},"categories":[5,108,157],"tags":[109,173,97,159,158,45],"class_list":["post-2080","post","type-post","status-publish","format-standard","has-post-thumbnail","hentry","category-coto-de-lobos","category-etologia-2","category-istintivismo","tag-consejos","tag-educacion","tag-etologia","tag-intintivismo","tag-olfato","tag-rastreo"],"yoast_head":"<!-- This site is optimized with the Yoast SEO plugin v27.4 - https:\/\/yoast.com\/product\/yoast-seo-wordpress\/ -->\n<title>Tu Pastor Alem\u00e1n Ve El Mundo Por Su Nariz - Coto de Lobos<\/title>\n<meta name=\"robots\" content=\"index, follow, max-snippet:-1, max-image-preview:large, max-video-preview:-1\" \/>\n<link rel=\"canonical\" href=\"https:\/\/cotodelobos.com\/blog\/el-olfato-de-tu-pastor-aleman\/\" \/>\n<meta property=\"og:locale\" content=\"es_ES\" \/>\n<meta property=\"og:type\" content=\"article\" \/>\n<meta property=\"og:title\" content=\"Tu Pastor Alem\u00e1n Ve El Mundo Por Su Nariz - Coto de Lobos\" \/>\n<meta property=\"og:description\" content=\"Un perro pastor alem\u00e1n es un animal dotado de una de las narices caninas m\u00e1s poderosas del mundo canino, tu pastor alem\u00e1n es capaz de ver el mundo a trav\u00e9s de su nariz mucho mejor que a trav\u00e9s sus ojos y no solo eso, sino que su olfato es el sentido que puede transformar a tu perro en un tranquilo y maduro compa\u00f1ero.\" \/>\n<meta property=\"og:url\" content=\"https:\/\/cotodelobos.com\/blog\/el-olfato-de-tu-pastor-aleman\/\" \/>\n<meta property=\"og:site_name\" content=\"Coto de Lobos\" \/>\n<meta property=\"article:publisher\" content=\"https:\/\/www.facebook.com\/CotoDeLobosOficial\" \/>\n<meta property=\"article:published_time\" content=\"2014-12-19T23:06:25+00:00\" \/>\n<meta property=\"article:modified_time\" content=\"2018-06-19T01:03:14+00:00\" \/>\n<meta property=\"og:image\" content=\"https:\/\/cotodelobos.com\/blog\/wp-content\/uploads\/2014\/12\/faehrtenhund.gif\" \/>\n\t<meta property=\"og:image:width\" content=\"340\" \/>\n\t<meta property=\"og:image:height\" content=\"62\" \/>\n\t<meta property=\"og:image:type\" content=\"image\/gif\" \/>\n<meta name=\"author\" content=\"Rub\u00e9n Borja\" \/>\n<meta name=\"twitter:card\" content=\"summary_large_image\" \/>\n<meta name=\"twitter:creator\" content=\"@arbo\" \/>\n<meta name=\"twitter:label1\" content=\"Escrito por\" \/>\n\t<meta name=\"twitter:data1\" content=\"Rub\u00e9n Borja\" \/>\n\t<meta name=\"twitter:label2\" content=\"Tiempo de lectura\" \/>\n\t<meta name=\"twitter:data2\" content=\"4 minutos\" \/>\n<script type=\"application\/ld+json\" class=\"yoast-schema-graph\">{\"@context\":\"https:\\\/\\\/schema.org\",\"@graph\":[{\"@type\":\"Article\",\"@id\":\"https:\\\/\\\/cotodelobos.com\\\/blog\\\/el-olfato-de-tu-pastor-aleman\\\/#article\",\"isPartOf\":{\"@id\":\"https:\\\/\\\/cotodelobos.com\\\/blog\\\/el-olfato-de-tu-pastor-aleman\\\/\"},\"author\":{\"name\":\"Rub\u00e9n Borja\",\"@id\":\"https:\\\/\\\/cotodelobos.com\\\/blog\\\/#\\\/schema\\\/person\\\/e794c5c7281382f93c46e84e56ded0a6\"},\"headline\":\"Tu Pastor Alem\u00e1n Ve El Mundo Por Su Nariz\",\"datePublished\":\"2014-12-19T23:06:25+00:00\",\"dateModified\":\"2018-06-19T01:03:14+00:00\",\"mainEntityOfPage\":{\"@id\":\"https:\\\/\\\/cotodelobos.com\\\/blog\\\/el-olfato-de-tu-pastor-aleman\\\/\"},\"wordCount\":896,\"commentCount\":6,\"image\":{\"@id\":\"https:\\\/\\\/cotodelobos.com\\\/blog\\\/el-olfato-de-tu-pastor-aleman\\\/#primaryimage\"},\"thumbnailUrl\":\"https:\\\/\\\/cotodelobos.com\\\/blog\\\/wp-content\\\/uploads\\\/2014\\\/12\\\/faehrtenhund.gif\",\"keywords\":[\"consejos\",\"Educacion\",\"etologia\",\"intintivismo\",\"olfato\",\"rastreo\"],\"articleSection\":[\"Coto de Lobos\",\"Etolog\u00eda\",\"Istintivismo\"],\"inLanguage\":\"es\",\"potentialAction\":[{\"@type\":\"CommentAction\",\"name\":\"Comment\",\"target\":[\"https:\\\/\\\/cotodelobos.com\\\/blog\\\/el-olfato-de-tu-pastor-aleman\\\/#respond\"]}]},{\"@type\":\"WebPage\",\"@id\":\"https:\\\/\\\/cotodelobos.com\\\/blog\\\/el-olfato-de-tu-pastor-aleman\\\/\",\"url\":\"https:\\\/\\\/cotodelobos.com\\\/blog\\\/el-olfato-de-tu-pastor-aleman\\\/\",\"name\":\"Tu Pastor Alem\u00e1n Ve El Mundo Por Su Nariz - Coto de Lobos\",\"isPartOf\":{\"@id\":\"https:\\\/\\\/cotodelobos.com\\\/blog\\\/#website\"},\"primaryImageOfPage\":{\"@id\":\"https:\\\/\\\/cotodelobos.com\\\/blog\\\/el-olfato-de-tu-pastor-aleman\\\/#primaryimage\"},\"image\":{\"@id\":\"https:\\\/\\\/cotodelobos.com\\\/blog\\\/el-olfato-de-tu-pastor-aleman\\\/#primaryimage\"},\"thumbnailUrl\":\"https:\\\/\\\/cotodelobos.com\\\/blog\\\/wp-content\\\/uploads\\\/2014\\\/12\\\/faehrtenhund.gif\",\"datePublished\":\"2014-12-19T23:06:25+00:00\",\"dateModified\":\"2018-06-19T01:03:14+00:00\",\"author\":{\"@id\":\"https:\\\/\\\/cotodelobos.com\\\/blog\\\/#\\\/schema\\\/person\\\/e794c5c7281382f93c46e84e56ded0a6\"},\"breadcrumb\":{\"@id\":\"https:\\\/\\\/cotodelobos.com\\\/blog\\\/el-olfato-de-tu-pastor-aleman\\\/#breadcrumb\"},\"inLanguage\":\"es\",\"potentialAction\":[{\"@type\":\"ReadAction\",\"target\":[\"https:\\\/\\\/cotodelobos.com\\\/blog\\\/el-olfato-de-tu-pastor-aleman\\\/\"]}]},{\"@type\":\"ImageObject\",\"inLanguage\":\"es\",\"@id\":\"https:\\\/\\\/cotodelobos.com\\\/blog\\\/el-olfato-de-tu-pastor-aleman\\\/#primaryimage\",\"url\":\"https:\\\/\\\/cotodelobos.com\\\/blog\\\/wp-content\\\/uploads\\\/2014\\\/12\\\/faehrtenhund.gif\",\"contentUrl\":\"https:\\\/\\\/cotodelobos.com\\\/blog\\\/wp-content\\\/uploads\\\/2014\\\/12\\\/faehrtenhund.gif\",\"width\":340,\"height\":62,\"caption\":\"pastor alem\u00e1n de rastreo\"},{\"@type\":\"BreadcrumbList\",\"@id\":\"https:\\\/\\\/cotodelobos.com\\\/blog\\\/el-olfato-de-tu-pastor-aleman\\\/#breadcrumb\",\"itemListElement\":[{\"@type\":\"ListItem\",\"position\":1,\"name\":\"Portada\",\"item\":\"https:\\\/\\\/cotodelobos.com\\\/blog\\\/\"},{\"@type\":\"ListItem\",\"position\":2,\"name\":\"Tu Pastor Alem\u00e1n Ve El Mundo Por Su Nariz\"}]},{\"@type\":\"WebSite\",\"@id\":\"https:\\\/\\\/cotodelobos.com\\\/blog\\\/#website\",\"url\":\"https:\\\/\\\/cotodelobos.com\\\/blog\\\/\",\"name\":\"Coto de Lobos\",\"description\":\"Cria Natural del Pastor Alem\u00e1n SV\",\"potentialAction\":[{\"@type\":\"SearchAction\",\"target\":{\"@type\":\"EntryPoint\",\"urlTemplate\":\"https:\\\/\\\/cotodelobos.com\\\/blog\\\/?s={search_term_string}\"},\"query-input\":{\"@type\":\"PropertyValueSpecification\",\"valueRequired\":true,\"valueName\":\"search_term_string\"}}],\"inLanguage\":\"es\"},{\"@type\":\"Person\",\"@id\":\"https:\\\/\\\/cotodelobos.com\\\/blog\\\/#\\\/schema\\\/person\\\/e794c5c7281382f93c46e84e56ded0a6\",\"name\":\"Rub\u00e9n Borja\",\"sameAs\":[\"https:\\\/\\\/x.com\\\/arbo\"],\"url\":\"https:\\\/\\\/cotodelobos.com\\\/blog\\\/author\\\/arbo\\\/\"}]}<\/script>\n<!-- \/ Yoast SEO plugin. -->","yoast_head_json":{"title":"Tu Pastor Alem\u00e1n Ve El Mundo Por Su Nariz - Coto de Lobos","robots":{"index":"index","follow":"follow","max-snippet":"max-snippet:-1","max-image-preview":"max-image-preview:large","max-video-preview":"max-video-preview:-1"},"canonical":"https:\/\/cotodelobos.com\/blog\/el-olfato-de-tu-pastor-aleman\/","og_locale":"es_ES","og_type":"article","og_title":"Tu Pastor Alem\u00e1n Ve El Mundo Por Su Nariz - Coto de Lobos","og_description":"Un perro pastor alem\u00e1n es un animal dotado de una de las narices caninas m\u00e1s poderosas del mundo canino, tu pastor alem\u00e1n es capaz de ver el mundo a trav\u00e9s de su nariz mucho mejor que a trav\u00e9s sus ojos y no solo eso, sino que su olfato es el sentido que puede transformar a tu perro en un tranquilo y maduro compa\u00f1ero.","og_url":"https:\/\/cotodelobos.com\/blog\/el-olfato-de-tu-pastor-aleman\/","og_site_name":"Coto de Lobos","article_publisher":"https:\/\/www.facebook.com\/CotoDeLobosOficial","article_published_time":"2014-12-19T23:06:25+00:00","article_modified_time":"2018-06-19T01:03:14+00:00","og_image":[{"width":340,"height":62,"url":"https:\/\/cotodelobos.com\/blog\/wp-content\/uploads\/2014\/12\/faehrtenhund.gif","type":"image\/gif"}],"author":"Rub\u00e9n Borja","twitter_card":"summary_large_image","twitter_creator":"@arbo","twitter_misc":{"Escrito por":"Rub\u00e9n Borja","Tiempo de lectura":"4 minutos"},"schema":{"@context":"https:\/\/schema.org","@graph":[{"@type":"Article","@id":"https:\/\/cotodelobos.com\/blog\/el-olfato-de-tu-pastor-aleman\/#article","isPartOf":{"@id":"https:\/\/cotodelobos.com\/blog\/el-olfato-de-tu-pastor-aleman\/"},"author":{"name":"Rub\u00e9n Borja","@id":"https:\/\/cotodelobos.com\/blog\/#\/schema\/person\/e794c5c7281382f93c46e84e56ded0a6"},"headline":"Tu Pastor Alem\u00e1n Ve El Mundo Por Su Nariz","datePublished":"2014-12-19T23:06:25+00:00","dateModified":"2018-06-19T01:03:14+00:00","mainEntityOfPage":{"@id":"https:\/\/cotodelobos.com\/blog\/el-olfato-de-tu-pastor-aleman\/"},"wordCount":896,"commentCount":6,"image":{"@id":"https:\/\/cotodelobos.com\/blog\/el-olfato-de-tu-pastor-aleman\/#primaryimage"},"thumbnailUrl":"https:\/\/cotodelobos.com\/blog\/wp-content\/uploads\/2014\/12\/faehrtenhund.gif","keywords":["consejos","Educacion","etologia","intintivismo","olfato","rastreo"],"articleSection":["Coto de Lobos","Etolog\u00eda","Istintivismo"],"inLanguage":"es","potentialAction":[{"@type":"CommentAction","name":"Comment","target":["https:\/\/cotodelobos.com\/blog\/el-olfato-de-tu-pastor-aleman\/#respond"]}]},{"@type":"WebPage","@id":"https:\/\/cotodelobos.com\/blog\/el-olfato-de-tu-pastor-aleman\/","url":"https:\/\/cotodelobos.com\/blog\/el-olfato-de-tu-pastor-aleman\/","name":"Tu Pastor Alem\u00e1n Ve El Mundo Por Su Nariz - Coto de Lobos","isPartOf":{"@id":"https:\/\/cotodelobos.com\/blog\/#website"},"primaryImageOfPage":{"@id":"https:\/\/cotodelobos.com\/blog\/el-olfato-de-tu-pastor-aleman\/#primaryimage"},"image":{"@id":"https:\/\/cotodelobos.com\/blog\/el-olfato-de-tu-pastor-aleman\/#primaryimage"},"thumbnailUrl":"https:\/\/cotodelobos.com\/blog\/wp-content\/uploads\/2014\/12\/faehrtenhund.gif","datePublished":"2014-12-19T23:06:25+00:00","dateModified":"2018-06-19T01:03:14+00:00","author":{"@id":"https:\/\/cotodelobos.com\/blog\/#\/schema\/person\/e794c5c7281382f93c46e84e56ded0a6"},"breadcrumb":{"@id":"https:\/\/cotodelobos.com\/blog\/el-olfato-de-tu-pastor-aleman\/#breadcrumb"},"inLanguage":"es","potentialAction":[{"@type":"ReadAction","target":["https:\/\/cotodelobos.com\/blog\/el-olfato-de-tu-pastor-aleman\/"]}]},{"@type":"ImageObject","inLanguage":"es","@id":"https:\/\/cotodelobos.com\/blog\/el-olfato-de-tu-pastor-aleman\/#primaryimage","url":"https:\/\/cotodelobos.com\/blog\/wp-content\/uploads\/2014\/12\/faehrtenhund.gif","contentUrl":"https:\/\/cotodelobos.com\/blog\/wp-content\/uploads\/2014\/12\/faehrtenhund.gif","width":340,"height":62,"caption":"pastor alem\u00e1n de rastreo"},{"@type":"BreadcrumbList","@id":"https:\/\/cotodelobos.com\/blog\/el-olfato-de-tu-pastor-aleman\/#breadcrumb","itemListElement":[{"@type":"ListItem","position":1,"name":"Portada","item":"https:\/\/cotodelobos.com\/blog\/"},{"@type":"ListItem","position":2,"name":"Tu Pastor Alem\u00e1n Ve El Mundo Por Su Nariz"}]},{"@type":"WebSite","@id":"https:\/\/cotodelobos.com\/blog\/#website","url":"https:\/\/cotodelobos.com\/blog\/","name":"Coto de Lobos","description":"Cria Natural del Pastor Alem\u00e1n SV","potentialAction":[{"@type":"SearchAction","target":{"@type":"EntryPoint","urlTemplate":"https:\/\/cotodelobos.com\/blog\/?s={search_term_string}"},"query-input":{"@type":"PropertyValueSpecification","valueRequired":true,"valueName":"search_term_string"}}],"inLanguage":"es"},{"@type":"Person","@id":"https:\/\/cotodelobos.com\/blog\/#\/schema\/person\/e794c5c7281382f93c46e84e56ded0a6","name":"Rub\u00e9n Borja","sameAs":["https:\/\/x.com\/arbo"],"url":"https:\/\/cotodelobos.com\/blog\/author\/arbo\/"}]}},"_links":{"self":[{"href":"https:\/\/cotodelobos.com\/blog\/wp-json\/wp\/v2\/posts\/2080","targetHints":{"allow":["GET"]}}],"collection":[{"href":"https:\/\/cotodelobos.com\/blog\/wp-json\/wp\/v2\/posts"}],"about":[{"href":"https:\/\/cotodelobos.com\/blog\/wp-json\/wp\/v2\/types\/post"}],"author":[{"embeddable":true,"href":"https:\/\/cotodelobos.com\/blog\/wp-json\/wp\/v2\/users\/1"}],"replies":[{"embeddable":true,"href":"https:\/\/cotodelobos.com\/blog\/wp-json\/wp\/v2\/comments?post=2080"}],"version-history":[{"count":9,"href":"https:\/\/cotodelobos.com\/blog\/wp-json\/wp\/v2\/posts\/2080\/revisions"}],"predecessor-version":[{"id":3081,"href":"https:\/\/cotodelobos.com\/blog\/wp-json\/wp\/v2\/posts\/2080\/revisions\/3081"}],"wp:featuredmedia":[{"embeddable":true,"href":"https:\/\/cotodelobos.com\/blog\/wp-json\/wp\/v2\/media\/2081"}],"wp:attachment":[{"href":"https:\/\/cotodelobos.com\/blog\/wp-json\/wp\/v2\/media?parent=2080"}],"wp:term":[{"taxonomy":"category","embeddable":true,"href":"https:\/\/cotodelobos.com\/blog\/wp-json\/wp\/v2\/categories?post=2080"},{"taxonomy":"post_tag","embeddable":true,"href":"https:\/\/cotodelobos.com\/blog\/wp-json\/wp\/v2\/tags?post=2080"}],"curies":[{"name":"wp","href":"https:\/\/api.w.org\/{rel}","templated":true}]}}