{"id":1874,"date":"2014-04-10T16:45:41","date_gmt":"2014-04-10T22:45:41","guid":{"rendered":"https:\/\/cotodelobos.com\/blog\/?p=1874"},"modified":"2018-06-18T19:05:38","modified_gmt":"2018-06-19T01:05:38","slug":"mi-perra-pastor-aleman-tuvo-cachorros","status":"publish","type":"post","link":"https:\/\/cotodelobos.com\/blog\/mi-perra-pastor-aleman-tuvo-cachorros\/","title":{"rendered":"Mi Perra Pastor Alem\u00e1n Tuvo Cachorros"},"content":{"rendered":"<p><a title=\"\u00bfCu\u00e1ntos cachorros tiene una perra pastor alem\u00e1n en un parto?\" href=\"https:\/\/cotodelobos.com\/blog\/mi-perra-pastor-aleman-tuvo-cachorros\/\"><img loading=\"lazy\" decoding=\"async\" loading=\"lazy\" class=\"size-full wp-image-1876 aligncenter\" src=\"https:\/\/cotodelobos.com\/blog\/wp-content\/uploads\/2014\/04\/Mi-Perra-Pario.jpg\" alt=\"mi perra pastor alem\u00e1n tuvo cachorros\" width=\"500\" height=\"272\"  title=\"Mi Perra Pastor Alem\u00e1n Tuvo Cachorros\" srcset=\"https:\/\/cotodelobos.com\/blog\/wp-content\/uploads\/2014\/04\/Mi-Perra-Pario.jpg 500w, https:\/\/cotodelobos.com\/blog\/wp-content\/uploads\/2014\/04\/Mi-Perra-Pario-300x163.jpg 300w\" sizes=\"auto, (max-width: 500px) 100vw, 500px\" \/><\/a><\/p>\n<p style=\"text-align: justify;\"><span style=\"font-size: 12pt;\"><span style=\"color: #000000; font-family: arial, helvetica, sans-serif; text-align: left; line-height: 1.5em;\">En un art\u00edculo anterior me compromet\u00ed contigo a escribir sobre las <strong>perras pastor alem\u00e1n<\/strong> que han tenido sus cachorros, pues llego el momento de cumplir mi palabra, en este art\u00edculo responder\u00e9 a las preguntas m\u00e1s comunes relacionadas con los cuidados de tu <strong>perra pastor alem\u00e1n<\/strong> y de sus cachorros despu\u00e9s del parto.<\/span><!--more--><\/span><\/p>\n<p style=\"text-align: justify;\"><span style=\"font-size: 12pt;\"><strong><span style=\"font-family: arial, helvetica, sans-serif; color: #000000;\">\u00bfCu\u00e1ntos cachorros tiene una perra pastor alem\u00e1n en un parto?<\/span><\/strong><\/span><\/p>\n<p style=\"text-align: justify;\"><span style=\"font-family: arial, helvetica, sans-serif; font-size: 12pt; color: #000000;\">Esta es una pregunta frecuente en los novatos \u00a0y mi respuesta es la siguiente:<\/span><\/p>\n<p style=\"text-align: justify;\"><span style=\"font-family: arial, helvetica, sans-serif; font-size: 12pt; color: #000000;\">El n\u00famero de cachorros nacidos en una camada est\u00e1 influenciado por m\u00faltiples factores que se combinan para modificar el n\u00famero de cachorros por parto, los principales factores son: La edad de tu perra, su estado de salud y nutricional adem\u00e1s del momento de la cruza.<\/span><\/p>\n<p style=\"text-align: justify;\"><span style=\"font-family: arial, helvetica, sans-serif; font-size: 12pt; color: #000000;\">En la actualidad la mayor\u00eda de las camadas de los <strong>perros pastor alem\u00e1n<\/strong> de l\u00edneas de belleza est\u00e1n conformadas por 4 o 6 cachorros, las l\u00edneas de trabajo al mantenerse geneticamente menos consangu\u00edneas tienen un promedio de nacidos vivos de entre 7 a 9 cachorros, l\u00f3gicamente que como sabemos los animales no son m\u00e1quinas por lo que podemos encontrar partos de un solo cachorro o partos de hasta 14 cachorros, pero estos son los extremos.<\/span><\/p>\n<p style=\"text-align: justify;\"><span style=\"font-size: 12pt;\"><strong><span style=\"font-family: arial, helvetica, sans-serif; color: #000000;\">\u00bfEl semental es responsable del n\u00famero de cachorros nacidos en una camada?<\/span><\/strong><\/span><\/p>\n<p style=\"text-align: justify;\"><span style=\"font-family: arial, helvetica, sans-serif; font-size: 12pt; color: #000000;\">Un semental se puede evaluar en base a su calidad de semen, es decir, conteo esperm\u00e1tico, motilidad y conformaci\u00f3n esperm\u00e1tica, pero b\u00e1sicamente estos factores que cuantifican la calidad del semen de un semental se resumen tan solo en dos opciones posibles o es f\u00e9rtil o no lo es.<\/span><\/p>\n<p style=\"text-align: justify;\"><span style=\"font-family: arial, helvetica, sans-serif; font-size: 12pt; color: #000000;\">En una sola eyaculaci\u00f3n un <strong>semental pastor alem\u00e1n<\/strong> deposita en el \u00fatero de la perra alrededor de 10 mililitros de semen que contiene alrededor de unos 1,300 millones de espermatozoides, as\u00ed que por mal que este el semental la verdad es que tu solo necesitas que 10 espermatozoides funcionen \u00bfverdad? As\u00ed que la cuesti\u00f3n es simple el semental es o no es f\u00e9rtil, si nace solo un cachorro enf\u00f3cate en los factores a los que me r\u00e9feri anteriormente y no culpes al semental.<\/span><\/p>\n<p style=\"text-align: justify;\"><span style=\"font-size: 12pt;\"><strong><span style=\"font-family: arial, helvetica, sans-serif; color: #000000;\">\u00bfMi Perra pario y ahora qu\u00e9 hago?<\/span><\/strong><\/span><\/p>\n<p style=\"text-align: justify;\"><span style=\"font-family: arial, helvetica, sans-serif; font-size: 12pt; color: #000000;\">El d\u00eda del parto despu\u00e9s de que la perra termino de parir, s\u00e1cala fuera del nidal y con calma ll\u00e9vala a su patio o cualquier lugar tranquilo lejos de la camada, en ese sitio procede a limpiar la sangre y los l\u00edquidos que est\u00e1n impregnados en el pelo del \u00a0trasero y las piernas de la perra, NUNCA BA\u00d1ES A TU PERRA DESPU\u00c9S DEL PARTO, solo l\u00edmpiala con trapos mojados con agua tibia y s\u00e9cala perfectamente con toallas secas antes de regresarla con su camada.<\/span><\/p>\n<p style=\"text-align: justify;\"><span style=\"font-family: arial, helvetica, sans-serif; font-size: 12pt; color: #000000;\">Mientras tu perra se relaja y se seca, aprovecha para pesar, revisar y sexar a los cachorros, revisa principalmente que no tengan hemorragias umbilicales, flemas o malformaciones f\u00edsicas, despu\u00e9s de este manejo pon a los cachorros en un contenedor con pa\u00f1os secos y calientes.<\/span><\/p>\n<p style=\"text-align: justify;\"><span style=\"font-family: arial, helvetica, sans-serif; font-size: 12pt; color: #000000;\">Despu\u00e9s limpia toda la sangre y los fluidos que est\u00e1n en su nidal y pon cama limpia y seca, luego pon a los cachorros en el nidal deja que se muevan para que impregnen la nueva cama, despu\u00e9s de unos 3 minutos deja a la perra reunirse con sus cachorros y d\u00e9jalos descansar y dormir tranquilos.<\/span><\/p>\n<p style=\"text-align: justify;\"><span style=\"font-family: arial, helvetica, sans-serif; font-size: 12pt; color: #000000;\">El d\u00eda del parto la perra no comer\u00e1 solo beber\u00e1 agua, al siguiente d\u00eda te recomiendo darle caldo de res sin huesos, el caldo le ayudara a la digesti\u00f3n y evitara que se estri\u00f1a.<\/span><\/p>\n<p style=\"text-align: justify;\"><span style=\"font-family: arial, helvetica, sans-serif; font-size: 12pt; color: #000000;\">B\u00e1sicamente las 2 primeras semanas no necesitas hacer otra cosa que revisar que los cachorros est\u00e9n vivos y cada d\u00eda m\u00e1s brillantes y redondos, mant\u00e9n la cama seca, y ventilada durante el d\u00eda y tibia por la noche, durante las primeras dos semana la cantidad de comida que deber\u00e1s darle a tu perra ser\u00e1 la misma que le dabas antes de pre\u00f1arla.<\/span><\/p>\n<p style=\"text-align: justify;\"><span style=\"font-family: arial, helvetica, sans-serif; font-size: 12pt; color: #000000;\">La semana tres los <strong>cachorros pastor alem\u00e1n<\/strong> abren los ojos son m\u00e1s activos y comen m\u00e1s, tambi\u00e9n en esta semana la producci\u00f3n de leche de la perra deber\u00e1 incrementarse, as\u00ed que aumenta la cantidad de comida por d\u00eda, d\u00e1ndole la misma cantidad de alimento que le dabas durante su gestaci\u00f3n.<\/span><\/p>\n<p style=\"text-align: justify;\"><span style=\"font-size: 12pt;\"><strong><span style=\"font-family: arial, helvetica, sans-serif; color: #000000;\">\u00bfC\u00f3mo saber si mi perra est\u00e1 produciendo suficiente leche?<\/span><\/strong><\/span><\/p>\n<p style=\"text-align: justify;\"><span style=\"font-family: arial, helvetica, sans-serif; font-size: 12pt; color: #000000;\">La producci\u00f3n l\u00e1ctea de las <strong>perras pastor alem\u00e1n<\/strong> se puede evaluar de una manera cualitativa observando el peso de los cachorros y su estado f\u00edsico comportamental, as\u00ed es que si tu camada duerme casi todo el d\u00eda y solo despierta cada vez que la perra les da de mamar y adem\u00e1s se ven con pelo brillante y de aspecto regordete puedes establecer que tu perra tiene una buena producci\u00f3n l\u00e1ctea, pero si por el contrario alg\u00fan cachorro gime y gime sin parar, o si la camada busca mucho a su madre y su aspecto es opaco y su pelo fr\u00edo, esto es signo de alarma y podr\u00eda ser por la falta de leche suficiente en la perra.<\/span><\/p>\n<p style=\"text-align: justify;\"><span style=\"font-family: arial, helvetica, sans-serif; font-size: 12pt; color: #000000;\">Al inicio de la semana cuatro tus cachorros deber\u00e1n empezar a comer dieta blanda, b\u00e1sicamente carne cruda mezclada con leche tibia a manera de caldo muy espeso (carne-leche) este alimento es natural y organicamente a la dieta natural para un cachorro.<\/span><\/p>\n<p style=\"text-align: justify;\"><span style=\"font-family: arial, helvetica, sans-serif; font-size: 12pt; color: #000000;\">Dales este alimento dos veces al d\u00eda, tanto como quieran comer, cuida de que la madre no est\u00e9 en el nidal cuando les des de comer para evitar que le quite el alimento y los pueda morder.<\/span><\/p>\n<p style=\"text-align: justify;\"><span style=\"font-family: arial, helvetica, sans-serif; font-size: 12pt; color: #000000;\">En esta misma semana y al comenzar a comer alimentos la perra dejar\u00e1 de limpiar el popo de los cachorros as\u00ed que deber\u00e1s permitir que los cachorros entren y salgan libremente del nidal, si les permites el libre paso aprender\u00e1n en unos d\u00edas a hacer el pis y la caca fuera del nidal.<\/span><\/p>\n<p style=\"text-align: justify;\"><span style=\"font-family: arial, helvetica, sans-serif; font-size: 12pt; color: #000000;\">De la semana 5 a la semana 8 mant\u00e9n a la perra durante el d\u00eda lejos de los cachorros, sac\u00e1ndola del \u00e1rea de cr\u00eda por la ma\u00f1ana, luego deja que les d\u00e9 de mamar por la tarde y \u00a0que duerma la siesta con ellos, luego sep\u00e1rala nuevamente \u00a0hasta que comience a oscurecer y durante la noche d\u00e9jala dormir con su camada, \u00a0este manejo mantendr\u00e1 a tu perra relajada, sin pezones mordidos y ansiosa por darles de mamar, mientras que por otro lado los cachorros aprenden a quedarse solos, jugar y jerarquizar con sus hermanos \u201cMientras mam\u00e1 sale de cacer\u00eda\u201d los cachorros deber\u00e1n comer carne cruda de pollo, res, caballo y puedes mezclarla con leche descremada, la frecuencia es de 3 veces al d\u00eda cuando est\u00e1n sin su madre y deja que coman lo que ellos quieran.<\/span><\/p>\n<p style=\"text-align: justify;\"><span style=\"font-size: 12pt;\"><strong><span style=\"font-family: arial, helvetica, sans-serif; color: #000000;\">\u00bfA qu\u00e9 edad desteto a mis cachorros?<\/span><\/strong><\/span><\/p>\n<p style=\"text-align: justify;\"><span style=\"font-family: arial, helvetica, sans-serif; font-size: 12pt; color: #000000;\">Es vital para el correcto desarrollo sensoadaptativo de tu <strong>cachorro pastor alem\u00e1n<\/strong> el permanecer con su madre y sus hermanos hasta las 8 semanas de edad, lo ideal para mi es entregarlos a sus nuevos due\u00f1os al cumplir las 10 semanas. Es importante que sepas que las improntas se fijan en el cerebro del cachorro de la semana uno a la semana siete de edad, separarlo antes de las 8 semanas, lo expondr\u00e1 a ser v\u00edctima de alteraciones cognitivas que ir\u00e1n en detrimento de su capacidad para aprender, educarse, adiestrase y socializar en su etapa juvenil y madures sexual.<\/span><\/p>\n<p style=\"text-align: justify;\"><span style=\"font-size: 12pt;\"><strong><span style=\"font-family: arial, helvetica, sans-serif; color: #000000;\">\u00bfPor qu\u00e9 mi perra mato a sus cachorros?<\/span><\/strong><\/span><\/p>\n<p style=\"text-align: justify;\"><span style=\"font-family: arial, helvetica, sans-serif; font-size: 12pt; color: #000000;\">Este comportamiento es raro en las perras que viven dentro de un ambiente bien jerarquizado y estable, los casos de perras que matan a sus cachorros est\u00e1 directamente relacionado con problemas de estr\u00e9s y ansiedad, para evitar este problema, prepara el nidal de la hembra y hazla dormir en el desde 8 d\u00edas antes del parto, habit\u00faala a los ruidos normales de la zona del parto y evita por cualquier medio que la perra entre en ansiedad por la presencia de visitas o un manejo frecuente de los cachorros.<\/span><\/p>\n<p style=\"text-align: justify;\"><span style=\"font-family: arial, helvetica, sans-serif; font-size: 12pt; color: #000000;\">Como veras criar a una camada de <strong>cachorros pastor alem\u00e1n<\/strong> no requiere de magia ciencia o secretos, en <strong>Coto de Lobos<\/strong> la cr\u00eda natural de las camadas, es simple las hembras paren sin ayuda humana (solo supervisi\u00f3n discreta) mantenemos abierto el acceso para el padre de la camada o de un macho adulto que lidere a la manada a la que pertenece la hembra parida, este manejo estimula los sentidos del perro y refuerza sus sentimientos de pertenencia y seguridad.<\/span><\/p>\n<p style=\"text-align: justify;\"><span style=\"font-family: arial, helvetica, sans-serif; font-size: 12pt; color: #000000;\">Complementado con alimentaci\u00f3n cruda para la madre y tambi\u00e9n para los cachorros desde los 21 d\u00edas de nacidos.<\/span><\/p>\n<p style=\"text-align: justify;\"><span style=\"font-family: arial, helvetica, sans-serif; font-size: 12pt; color: #000000;\">Los temas de vacunaci\u00f3n, desparasitaci\u00f3n y cuidados del parto ya los he tratado en otros art\u00edculos de este mismo sitio.<\/span><\/p>\n<p style=\"text-align: justify;\"><span style=\"font-family: arial, helvetica, sans-serif; font-size: 12pt; color: #000000;\">Un tema apasionante para m\u00ed, es el del manejo de estimulaci\u00f3n sensorial temprana de los cachorros, este manejo activa en el <strong>cachorro pastor alem\u00e1n<\/strong> \u00a0 la fijaci\u00f3n de las improntas, incrementa su capacidad cognitiva y la sensomaduraci\u00f3n de los cachorros este manejo los prepara para ser realmente unos s\u00faper perros sobresaliendo en su aprendizaje, educaci\u00f3n y adiestramiento futuro.<\/span><\/p>\n<p style=\"text-align: justify;\"><span style=\"font-family: arial, helvetica, sans-serif; font-size: 12pt; color: #000000;\">Pero esta T\u00e9cnica de sensoadaptaci\u00f3n Emocional que inicia desde el d\u00eda del nacimiento de los cachorros ya es tema de otros art\u00edculos.<\/span><\/p>\n<p style=\"text-align: justify;\"><strong><span style=\"font-family: arial, helvetica, sans-serif; font-size: small; color: #000000;\"><em>Hasta el pr\u00f3ximo<\/em>.<\/span><\/strong><\/p>\n<p>&nbsp;<\/p>\n<p style=\"text-align: justify;\"><span style=\"font-family: arial, helvetica, sans-serif; font-size: small; color: #000000;\">\u00a0<\/span><span style=\"font-family: arial, helvetica, sans-serif; color: #ff0000;\"><strong>Si el art\u00edculo te gust\u00f3 por favor comp\u00e1rtelo con tus amigos. \u00a1Gracias!<\/strong><\/span><\/p>\n<p>S\u00cdGUEME EN GOOGLE+:\u00a0<a title=\"ruben borja\" href=\"https:\/\/www.google.com\/+RubenBorjaOficial\" target=\"_blank\" rel=\"noopener\"><span style=\"color: #0000ff;\">https:\/\/www.google.com\/+RubenBorjaOficial<\/span><br \/>\n<\/a>S\u00cdGUEME EN TWITTER:<span style=\"color: #0000ff;\">\u00a0<\/span><a title=\"ruben borja\" href=\"http:\/\/twitter.com\/Ruben_Borja\" target=\"_blank\" rel=\"noopener\"><span style=\"color: #0000ff;\">http:\/\/Twitter.com<strong>\/<\/strong>Ruben_Borja<\/span><br \/>\n<\/a>\u00a1LIKE EN FACEBOOK!: <span style=\"color: #0000ff;\"><a style=\"color: #0000ff;\" href=\"https:\/\/facebook.com\/CotoDeLobosOficial\/\" target=\"_blank\" rel=\"noopener\">https:\/\/facebook.com\/CotoDeLobosOficial\/<\/a><\/span><a title=\"ruben borja\" href=\"http:\/\/on.fb.me\/rubenborja\" target=\"_blank\" rel=\"noopener\"><br \/>\n<\/a>CANAL DE YOUTUBE:\u00a0<span style=\"color: #0000ff;\"><a style=\"color: #0000ff;\" title=\" onclick =\" href=\"http:\/\/www.youtube.com\/user\/CotoDeLobos\" target=\"_blank\" rel=\"noopener\">http:\/youtube.com<\/a><strong><a style=\"color: #0000ff;\" title=\" onclick =\" href=\"http:\/\/www.youtube.com\/user\/CotoDeLobos\" target=\"_blank\" rel=\"noopener\">\/<\/a><\/strong><a style=\"color: #0000ff;\" title=\" onclick =\" href=\"http:\/\/www.youtube.com\/user\/CotoDeLobos\" target=\"_blank\" rel=\"noopener\">user\/CotoDeLobos<\/a><\/span><a title=\"youtube de mi perro educado\" href=\"http:\/\/www.youtube.com\/user\/MiPerroEducado\" target=\"_blank\" rel=\"noopener\"><br \/>\n<\/a>OTRO DE MIS BLOGS:\u00a0<a title=\"como educar perros\" href=\"http:\/\/miperroeducado.com\/\" target=\"_blank\" rel=\"noopener\"><span style=\"color: #0000ff;\">http:\/\/MiPerroEducado.com<\/span><br \/>\n<\/a>HAZME LA PREGUNTA QUE QUIERAS:\u00a0<span style=\"color: #0000ff;\"><a style=\"color: #0000ff;\" title=\" onclick =\" href=\"http:\/\/ask.fm\/RubenBorjaM\" target=\"_blank\" rel=\"noopener\">http:\/\/ask.fm\/RubenBorjaM<\/a><\/span><\/p>\n<p style=\"text-align: center;\"><a href=\"https:\/\/cotodelobos.com\/blog\/wp-content\/uploads\/2012\/11\/envio-de-comentarios21.jpg\"><img loading=\"lazy\" decoding=\"async\" loading=\"lazy\" class=\"alignnone size-full wp-image-1403\" src=\"https:\/\/cotodelobos.com\/blog\/wp-content\/uploads\/2012\/11\/envio-de-comentarios21.jpg\" alt=\"envio-de-comentarios2\" width=\"492\" height=\"118\"  title=\"Mi Perra Pastor Alem\u00e1n Tuvo Cachorros\" srcset=\"https:\/\/cotodelobos.com\/blog\/wp-content\/uploads\/2012\/11\/envio-de-comentarios21.jpg 492w, https:\/\/cotodelobos.com\/blog\/wp-content\/uploads\/2012\/11\/envio-de-comentarios21-300x71.jpg 300w\" sizes=\"auto, (max-width: 492px) 100vw, 492px\" \/><\/a><\/p>\n","protected":false},"excerpt":{"rendered":"<p>En un art\u00edculo anterior me compromet\u00ed contigo a escribir sobre las perras pastor alem\u00e1n que han tenido sus cachorros, pues llego el momento de cumplir mi palabra, en este art\u00edculo responder\u00e9 a las preguntas m\u00e1s comunes relacionadas con los cuidados de tu perra pastor alem\u00e1n y de sus cachorros despu\u00e9s del parto.<\/p>\n","protected":false},"author":1,"featured_media":1876,"comment_status":"open","ping_status":"open","sticky":false,"template":"","format":"standard","meta":{"nf_dc_page":"","footnotes":""},"categories":[14,6,65,11],"tags":[144,145,115,76,143,114],"class_list":["post-1874","post","type-post","status-publish","format-standard","has-post-thumbnail","hentry","category-cachorros-coto-de-lobos","category-curso-de-crianza","category-salud-y-alimentacion","category-tips-para-comenzar","tag-alimentacion-de-cachorros","tag-cuidados-del-parto","tag-desparasitacion","tag-parto","tag-perra-pario","tag-vacunacion"],"yoast_head":"<!-- This site is optimized with the Yoast SEO plugin v28.3 - https:\/\/yoast.com\/product\/yoast-seo-wordpress\/ -->\n<title>Mi Perra Pastor Alem\u00e1n Tuvo Cachorros - Coto de Lobos<\/title>\n<meta name=\"robots\" content=\"index, follow, max-snippet:-1, max-image-preview:large, max-video-preview:-1\" \/>\n<link rel=\"canonical\" href=\"https:\/\/cotodelobos.com\/blog\/mi-perra-pastor-aleman-tuvo-cachorros\/\" \/>\n<meta property=\"og:locale\" content=\"es_ES\" \/>\n<meta property=\"og:type\" content=\"article\" \/>\n<meta property=\"og:title\" content=\"Mi Perra Pastor Alem\u00e1n Tuvo Cachorros - Coto de Lobos\" \/>\n<meta property=\"og:description\" content=\"En un art\u00edculo anterior me compromet\u00ed contigo a escribir sobre las perras pastor alem\u00e1n que han tenido sus cachorros, pues llego el momento de cumplir mi palabra, en este art\u00edculo responder\u00e9 a las preguntas m\u00e1s comunes relacionadas con los cuidados de tu perra pastor alem\u00e1n y de sus cachorros despu\u00e9s del parto.\" \/>\n<meta property=\"og:url\" content=\"https:\/\/cotodelobos.com\/blog\/mi-perra-pastor-aleman-tuvo-cachorros\/\" \/>\n<meta property=\"og:site_name\" content=\"Coto de Lobos\" \/>\n<meta property=\"article:publisher\" content=\"https:\/\/www.facebook.com\/CotoDeLobosOficial\" \/>\n<meta property=\"article:published_time\" content=\"2014-04-10T22:45:41+00:00\" \/>\n<meta property=\"article:modified_time\" content=\"2018-06-19T01:05:38+00:00\" \/>\n<meta property=\"og:image\" content=\"https:\/\/cotodelobos.com\/blog\/wp-content\/uploads\/2014\/04\/Mi-Perra-Pario.jpg\" \/>\n\t<meta property=\"og:image:width\" content=\"500\" \/>\n\t<meta property=\"og:image:height\" content=\"272\" \/>\n\t<meta property=\"og:image:type\" content=\"image\/jpeg\" \/>\n<meta name=\"author\" content=\"Rub\u00e9n Borja\" \/>\n<meta name=\"twitter:card\" content=\"summary_large_image\" \/>\n<meta name=\"twitter:creator\" content=\"@arbo\" \/>\n<meta name=\"twitter:label1\" content=\"Escrito por\" \/>\n\t<meta name=\"twitter:data1\" content=\"Rub\u00e9n Borja\" \/>\n\t<meta name=\"twitter:label2\" content=\"Tiempo de lectura\" \/>\n\t<meta name=\"twitter:data2\" content=\"8 minutos\" \/>\n<script type=\"application\/ld+json\" class=\"yoast-schema-graph\">{\"@context\":\"https:\\\/\\\/schema.org\",\"@graph\":[{\"@type\":\"Article\",\"@id\":\"https:\\\/\\\/cotodelobos.com\\\/blog\\\/mi-perra-pastor-aleman-tuvo-cachorros\\\/#article\",\"isPartOf\":{\"@id\":\"https:\\\/\\\/cotodelobos.com\\\/blog\\\/mi-perra-pastor-aleman-tuvo-cachorros\\\/\"},\"author\":{\"name\":\"Rub\u00e9n Borja\",\"@id\":\"https:\\\/\\\/cotodelobos.com\\\/blog\\\/#\\\/schema\\\/person\\\/e794c5c7281382f93c46e84e56ded0a6\"},\"headline\":\"Mi Perra Pastor Alem\u00e1n Tuvo Cachorros\",\"datePublished\":\"2014-04-10T22:45:41+00:00\",\"dateModified\":\"2018-06-19T01:05:38+00:00\",\"mainEntityOfPage\":{\"@id\":\"https:\\\/\\\/cotodelobos.com\\\/blog\\\/mi-perra-pastor-aleman-tuvo-cachorros\\\/\"},\"wordCount\":1650,\"commentCount\":56,\"publisher\":{\"@id\":\"https:\\\/\\\/cotodelobos.com\\\/blog\\\/#organization\"},\"image\":{\"@id\":\"https:\\\/\\\/cotodelobos.com\\\/blog\\\/mi-perra-pastor-aleman-tuvo-cachorros\\\/#primaryimage\"},\"thumbnailUrl\":\"https:\\\/\\\/cotodelobos.com\\\/blog\\\/wp-content\\\/uploads\\\/2014\\\/04\\\/Mi-Perra-Pario.jpg\",\"keywords\":[\"alimentacion de cachorros\",\"cuidados del parto\",\"desparasitaci\u00f3n\",\"parto\",\"perra pario\",\"vacunaci\u00f3n\"],\"articleSection\":[\"Cachorros\",\"Curso De Crianza\",\"Salud y Alimentaci\u00f3n\",\"Tips Para Comenzar\"],\"inLanguage\":\"es\",\"potentialAction\":[{\"@type\":\"CommentAction\",\"name\":\"Comment\",\"target\":[\"https:\\\/\\\/cotodelobos.com\\\/blog\\\/mi-perra-pastor-aleman-tuvo-cachorros\\\/#respond\"]}]},{\"@type\":\"WebPage\",\"@id\":\"https:\\\/\\\/cotodelobos.com\\\/blog\\\/mi-perra-pastor-aleman-tuvo-cachorros\\\/\",\"url\":\"https:\\\/\\\/cotodelobos.com\\\/blog\\\/mi-perra-pastor-aleman-tuvo-cachorros\\\/\",\"name\":\"Mi Perra Pastor Alem\u00e1n Tuvo Cachorros - Coto de Lobos\",\"isPartOf\":{\"@id\":\"https:\\\/\\\/cotodelobos.com\\\/blog\\\/#website\"},\"primaryImageOfPage\":{\"@id\":\"https:\\\/\\\/cotodelobos.com\\\/blog\\\/mi-perra-pastor-aleman-tuvo-cachorros\\\/#primaryimage\"},\"image\":{\"@id\":\"https:\\\/\\\/cotodelobos.com\\\/blog\\\/mi-perra-pastor-aleman-tuvo-cachorros\\\/#primaryimage\"},\"thumbnailUrl\":\"https:\\\/\\\/cotodelobos.com\\\/blog\\\/wp-content\\\/uploads\\\/2014\\\/04\\\/Mi-Perra-Pario.jpg\",\"datePublished\":\"2014-04-10T22:45:41+00:00\",\"dateModified\":\"2018-06-19T01:05:38+00:00\",\"breadcrumb\":{\"@id\":\"https:\\\/\\\/cotodelobos.com\\\/blog\\\/mi-perra-pastor-aleman-tuvo-cachorros\\\/#breadcrumb\"},\"inLanguage\":\"es\",\"potentialAction\":[{\"@type\":\"ReadAction\",\"target\":[\"https:\\\/\\\/cotodelobos.com\\\/blog\\\/mi-perra-pastor-aleman-tuvo-cachorros\\\/\"]}]},{\"@type\":\"ImageObject\",\"inLanguage\":\"es\",\"@id\":\"https:\\\/\\\/cotodelobos.com\\\/blog\\\/mi-perra-pastor-aleman-tuvo-cachorros\\\/#primaryimage\",\"url\":\"https:\\\/\\\/cotodelobos.com\\\/blog\\\/wp-content\\\/uploads\\\/2014\\\/04\\\/Mi-Perra-Pario.jpg\",\"contentUrl\":\"https:\\\/\\\/cotodelobos.com\\\/blog\\\/wp-content\\\/uploads\\\/2014\\\/04\\\/Mi-Perra-Pario.jpg\",\"width\":500,\"height\":272,\"caption\":\"mi perra pastor alem\u00e1n tuvo cachorros\"},{\"@type\":\"BreadcrumbList\",\"@id\":\"https:\\\/\\\/cotodelobos.com\\\/blog\\\/mi-perra-pastor-aleman-tuvo-cachorros\\\/#breadcrumb\",\"itemListElement\":[{\"@type\":\"ListItem\",\"position\":1,\"name\":\"Portada\",\"item\":\"https:\\\/\\\/cotodelobos.com\\\/blog\\\/\"},{\"@type\":\"ListItem\",\"position\":2,\"name\":\"Mi Perra Pastor Alem\u00e1n Tuvo Cachorros\"}]},{\"@type\":\"WebSite\",\"@id\":\"https:\\\/\\\/cotodelobos.com\\\/blog\\\/#website\",\"url\":\"https:\\\/\\\/cotodelobos.com\\\/blog\\\/\",\"name\":\"Coto de Lobos\",\"description\":\"Cria Natural del Pastor Alem\u00e1n SV\",\"publisher\":{\"@id\":\"https:\\\/\\\/cotodelobos.com\\\/blog\\\/#organization\"},\"potentialAction\":[{\"@type\":\"SearchAction\",\"target\":{\"@type\":\"EntryPoint\",\"urlTemplate\":\"https:\\\/\\\/cotodelobos.com\\\/blog\\\/?s={search_term_string}\"},\"query-input\":{\"@type\":\"PropertyValueSpecification\",\"valueRequired\":true,\"valueName\":\"search_term_string\"}}],\"inLanguage\":\"es\"},{\"@type\":\"Organization\",\"@id\":\"https:\\\/\\\/cotodelobos.com\\\/blog\\\/#organization\",\"name\":\"Coto de Lobos\",\"url\":\"https:\\\/\\\/cotodelobos.com\\\/blog\\\/\",\"logo\":{\"@type\":\"ImageObject\",\"inLanguage\":\"es\",\"@id\":\"https:\\\/\\\/cotodelobos.com\\\/blog\\\/#\\\/schema\\\/logo\\\/image\\\/\",\"url\":\"https:\\\/\\\/cotodelobos.com\\\/blog\\\/wp-content\\\/uploads\\\/2026\\\/06\\\/logotipo-2026-PNG.png\",\"contentUrl\":\"https:\\\/\\\/cotodelobos.com\\\/blog\\\/wp-content\\\/uploads\\\/2026\\\/06\\\/logotipo-2026-PNG.png\",\"width\":940,\"height\":788,\"caption\":\"Coto de Lobos\"},\"image\":{\"@id\":\"https:\\\/\\\/cotodelobos.com\\\/blog\\\/#\\\/schema\\\/logo\\\/image\\\/\"},\"sameAs\":[\"https:\\\/\\\/www.facebook.com\\\/CotoDeLobosOficial\",\"https:\\\/\\\/www.youtube.com\\\/@CotoDeLobos\",\"https:\\\/\\\/www.instagram.com\\\/cotodelobos\\\/\"]},{\"@type\":\"Person\",\"@id\":\"https:\\\/\\\/cotodelobos.com\\\/blog\\\/#\\\/schema\\\/person\\\/e794c5c7281382f93c46e84e56ded0a6\",\"name\":\"Rub\u00e9n Borja\",\"sameAs\":[\"https:\\\/\\\/x.com\\\/arbo\"],\"url\":\"https:\\\/\\\/cotodelobos.com\\\/blog\\\/author\\\/arbo\\\/\"}]}<\/script>\n<!-- \/ Yoast SEO plugin. -->","yoast_head_json":{"title":"Mi Perra Pastor Alem\u00e1n Tuvo Cachorros - Coto de Lobos","robots":{"index":"index","follow":"follow","max-snippet":"max-snippet:-1","max-image-preview":"max-image-preview:large","max-video-preview":"max-video-preview:-1"},"canonical":"https:\/\/cotodelobos.com\/blog\/mi-perra-pastor-aleman-tuvo-cachorros\/","og_locale":"es_ES","og_type":"article","og_title":"Mi Perra Pastor Alem\u00e1n Tuvo Cachorros - Coto de Lobos","og_description":"En un art\u00edculo anterior me compromet\u00ed contigo a escribir sobre las perras pastor alem\u00e1n que han tenido sus cachorros, pues llego el momento de cumplir mi palabra, en este art\u00edculo responder\u00e9 a las preguntas m\u00e1s comunes relacionadas con los cuidados de tu perra pastor alem\u00e1n y de sus cachorros despu\u00e9s del parto.","og_url":"https:\/\/cotodelobos.com\/blog\/mi-perra-pastor-aleman-tuvo-cachorros\/","og_site_name":"Coto de Lobos","article_publisher":"https:\/\/www.facebook.com\/CotoDeLobosOficial","article_published_time":"2014-04-10T22:45:41+00:00","article_modified_time":"2018-06-19T01:05:38+00:00","og_image":[{"width":500,"height":272,"url":"https:\/\/cotodelobos.com\/blog\/wp-content\/uploads\/2014\/04\/Mi-Perra-Pario.jpg","type":"image\/jpeg"}],"author":"Rub\u00e9n Borja","twitter_card":"summary_large_image","twitter_creator":"@arbo","twitter_misc":{"Escrito por":"Rub\u00e9n Borja","Tiempo de lectura":"8 minutos"},"schema":{"@context":"https:\/\/schema.org","@graph":[{"@type":"Article","@id":"https:\/\/cotodelobos.com\/blog\/mi-perra-pastor-aleman-tuvo-cachorros\/#article","isPartOf":{"@id":"https:\/\/cotodelobos.com\/blog\/mi-perra-pastor-aleman-tuvo-cachorros\/"},"author":{"name":"Rub\u00e9n Borja","@id":"https:\/\/cotodelobos.com\/blog\/#\/schema\/person\/e794c5c7281382f93c46e84e56ded0a6"},"headline":"Mi Perra Pastor Alem\u00e1n Tuvo Cachorros","datePublished":"2014-04-10T22:45:41+00:00","dateModified":"2018-06-19T01:05:38+00:00","mainEntityOfPage":{"@id":"https:\/\/cotodelobos.com\/blog\/mi-perra-pastor-aleman-tuvo-cachorros\/"},"wordCount":1650,"commentCount":56,"publisher":{"@id":"https:\/\/cotodelobos.com\/blog\/#organization"},"image":{"@id":"https:\/\/cotodelobos.com\/blog\/mi-perra-pastor-aleman-tuvo-cachorros\/#primaryimage"},"thumbnailUrl":"https:\/\/cotodelobos.com\/blog\/wp-content\/uploads\/2014\/04\/Mi-Perra-Pario.jpg","keywords":["alimentacion de cachorros","cuidados del parto","desparasitaci\u00f3n","parto","perra pario","vacunaci\u00f3n"],"articleSection":["Cachorros","Curso De Crianza","Salud y Alimentaci\u00f3n","Tips Para Comenzar"],"inLanguage":"es","potentialAction":[{"@type":"CommentAction","name":"Comment","target":["https:\/\/cotodelobos.com\/blog\/mi-perra-pastor-aleman-tuvo-cachorros\/#respond"]}]},{"@type":"WebPage","@id":"https:\/\/cotodelobos.com\/blog\/mi-perra-pastor-aleman-tuvo-cachorros\/","url":"https:\/\/cotodelobos.com\/blog\/mi-perra-pastor-aleman-tuvo-cachorros\/","name":"Mi Perra Pastor Alem\u00e1n Tuvo Cachorros - Coto de Lobos","isPartOf":{"@id":"https:\/\/cotodelobos.com\/blog\/#website"},"primaryImageOfPage":{"@id":"https:\/\/cotodelobos.com\/blog\/mi-perra-pastor-aleman-tuvo-cachorros\/#primaryimage"},"image":{"@id":"https:\/\/cotodelobos.com\/blog\/mi-perra-pastor-aleman-tuvo-cachorros\/#primaryimage"},"thumbnailUrl":"https:\/\/cotodelobos.com\/blog\/wp-content\/uploads\/2014\/04\/Mi-Perra-Pario.jpg","datePublished":"2014-04-10T22:45:41+00:00","dateModified":"2018-06-19T01:05:38+00:00","breadcrumb":{"@id":"https:\/\/cotodelobos.com\/blog\/mi-perra-pastor-aleman-tuvo-cachorros\/#breadcrumb"},"inLanguage":"es","potentialAction":[{"@type":"ReadAction","target":["https:\/\/cotodelobos.com\/blog\/mi-perra-pastor-aleman-tuvo-cachorros\/"]}]},{"@type":"ImageObject","inLanguage":"es","@id":"https:\/\/cotodelobos.com\/blog\/mi-perra-pastor-aleman-tuvo-cachorros\/#primaryimage","url":"https:\/\/cotodelobos.com\/blog\/wp-content\/uploads\/2014\/04\/Mi-Perra-Pario.jpg","contentUrl":"https:\/\/cotodelobos.com\/blog\/wp-content\/uploads\/2014\/04\/Mi-Perra-Pario.jpg","width":500,"height":272,"caption":"mi perra pastor alem\u00e1n tuvo cachorros"},{"@type":"BreadcrumbList","@id":"https:\/\/cotodelobos.com\/blog\/mi-perra-pastor-aleman-tuvo-cachorros\/#breadcrumb","itemListElement":[{"@type":"ListItem","position":1,"name":"Portada","item":"https:\/\/cotodelobos.com\/blog\/"},{"@type":"ListItem","position":2,"name":"Mi Perra Pastor Alem\u00e1n Tuvo Cachorros"}]},{"@type":"WebSite","@id":"https:\/\/cotodelobos.com\/blog\/#website","url":"https:\/\/cotodelobos.com\/blog\/","name":"Coto de Lobos","description":"Cria Natural del Pastor Alem\u00e1n SV","publisher":{"@id":"https:\/\/cotodelobos.com\/blog\/#organization"},"potentialAction":[{"@type":"SearchAction","target":{"@type":"EntryPoint","urlTemplate":"https:\/\/cotodelobos.com\/blog\/?s={search_term_string}"},"query-input":{"@type":"PropertyValueSpecification","valueRequired":true,"valueName":"search_term_string"}}],"inLanguage":"es"},{"@type":"Organization","@id":"https:\/\/cotodelobos.com\/blog\/#organization","name":"Coto de Lobos","url":"https:\/\/cotodelobos.com\/blog\/","logo":{"@type":"ImageObject","inLanguage":"es","@id":"https:\/\/cotodelobos.com\/blog\/#\/schema\/logo\/image\/","url":"https:\/\/cotodelobos.com\/blog\/wp-content\/uploads\/2026\/06\/logotipo-2026-PNG.png","contentUrl":"https:\/\/cotodelobos.com\/blog\/wp-content\/uploads\/2026\/06\/logotipo-2026-PNG.png","width":940,"height":788,"caption":"Coto de Lobos"},"image":{"@id":"https:\/\/cotodelobos.com\/blog\/#\/schema\/logo\/image\/"},"sameAs":["https:\/\/www.facebook.com\/CotoDeLobosOficial","https:\/\/www.youtube.com\/@CotoDeLobos","https:\/\/www.instagram.com\/cotodelobos\/"]},{"@type":"Person","@id":"https:\/\/cotodelobos.com\/blog\/#\/schema\/person\/e794c5c7281382f93c46e84e56ded0a6","name":"Rub\u00e9n Borja","sameAs":["https:\/\/x.com\/arbo"],"url":"https:\/\/cotodelobos.com\/blog\/author\/arbo\/"}]}},"_links":{"self":[{"href":"https:\/\/cotodelobos.com\/blog\/wp-json\/wp\/v2\/posts\/1874","targetHints":{"allow":["GET"]}}],"collection":[{"href":"https:\/\/cotodelobos.com\/blog\/wp-json\/wp\/v2\/posts"}],"about":[{"href":"https:\/\/cotodelobos.com\/blog\/wp-json\/wp\/v2\/types\/post"}],"author":[{"embeddable":true,"href":"https:\/\/cotodelobos.com\/blog\/wp-json\/wp\/v2\/users\/1"}],"replies":[{"embeddable":true,"href":"https:\/\/cotodelobos.com\/blog\/wp-json\/wp\/v2\/comments?post=1874"}],"version-history":[{"count":17,"href":"https:\/\/cotodelobos.com\/blog\/wp-json\/wp\/v2\/posts\/1874\/revisions"}],"predecessor-version":[{"id":3086,"href":"https:\/\/cotodelobos.com\/blog\/wp-json\/wp\/v2\/posts\/1874\/revisions\/3086"}],"wp:featuredmedia":[{"embeddable":true,"href":"https:\/\/cotodelobos.com\/blog\/wp-json\/wp\/v2\/media\/1876"}],"wp:attachment":[{"href":"https:\/\/cotodelobos.com\/blog\/wp-json\/wp\/v2\/media?parent=1874"}],"wp:term":[{"taxonomy":"category","embeddable":true,"href":"https:\/\/cotodelobos.com\/blog\/wp-json\/wp\/v2\/categories?post=1874"},{"taxonomy":"post_tag","embeddable":true,"href":"https:\/\/cotodelobos.com\/blog\/wp-json\/wp\/v2\/tags?post=1874"}],"curies":[{"name":"wp","href":"https:\/\/api.w.org\/{rel}","templated":true}]}}