{"id":1385,"date":"2012-11-01T19:04:55","date_gmt":"2012-11-02T01:04:55","guid":{"rendered":"https:\/\/cotodelobos.com\/blog\/?p=1385"},"modified":"2018-06-19T11:28:26","modified_gmt":"2018-06-19T17:28:26","slug":"el-pelo-del-pastor-aleman","status":"publish","type":"post","link":"https:\/\/cotodelobos.com\/blog\/el-pelo-del-pastor-aleman\/","title":{"rendered":"Como Mejorar El Pelaje Del Pastor Alem\u00e1n"},"content":{"rendered":"<p style=\"text-align: justify;\"><a href=\"https:\/\/cotodelobos.com\/blog\/wp-content\/uploads\/2012\/11\/El-Pelaje-Del-Pastor-Alem\u00e1n.jpg\"><img fetchpriority=\"high\" decoding=\"async\" class=\"alignnone size-full wp-image-1386\" title=\"El Pelaje Del Pastor Alem\u00e1n\" src=\"https:\/\/cotodelobos.com\/blog\/wp-content\/uploads\/2012\/11\/El-Pelaje-Del-Pastor-Alem\u00e1n.jpg\" alt=\"im\u00e1genes de pastor alem\u00e1n\" width=\"559\" height=\"331\" srcset=\"https:\/\/cotodelobos.com\/blog\/wp-content\/uploads\/2012\/11\/El-Pelaje-Del-Pastor-Alem\u00e1n.jpg 559w, https:\/\/cotodelobos.com\/blog\/wp-content\/uploads\/2012\/11\/El-Pelaje-Del-Pastor-Alem\u00e1n-300x177.jpg 300w\" sizes=\"(max-width: 559px) 100vw, 559px\" \/><\/a><\/p>\n<p style=\"text-align: justify;\"><span style=\"font-family: arial,helvetica,sans-serif; font-size: medium;\">Sin duda el pelaje de un <strong>Perro Pastor Alem\u00e1n<\/strong> es el reflejo de su estado de salud, si tu perro sufre de alg\u00fan trastorno de salud o mala nutrici\u00f3n esto se reflejara en su pelo como falta de brillo, resequedad, perdida de pelo o problemas en la muda.<\/span><!--more--><\/p>\n<p style=\"text-align: justify;\"><span style=\"font-family: arial,helvetica,sans-serif; font-size: medium;\">La alta relaci\u00f3n que existe entre la salud del <strong>Pastor Alem\u00e1n<\/strong> y su pelaje te permite evaluar f\u00e1cilmente su nivel de salud y detectar r\u00e1pidamente si sufre de alguna enfermedad o deficiencia nutricional.<\/span><\/p>\n<p style=\"text-align: justify;\"><span style=\"font-family: arial,helvetica,sans-serif; font-size: medium;\">Dos elementos son los principales involucrados en la vitalidad y salud del pelo de tu <strong>Pastor Alem\u00e1n<\/strong> y estos son las hormonas y las estaciones.<\/span><\/p>\n<p style=\"text-align: justify;\"><span style=\"font-family: arial,helvetica,sans-serif; font-size: medium;\">Durante la muda de pelo o \u201cpelecha\u201d los <strong>Pastores Alemanes<\/strong> cambian de pelo, esta muda se presenta dos veces al a\u00f1o la primera en marzo &#8211; mayo, dando paso al pelo de primavera, esta capa de pelo es ligera y menos densa, lo que permite una mejor ventilaci\u00f3n y frescura para los perros.<\/span><\/p>\n<p style=\"text-align: justify;\"><span style=\"font-family: arial,helvetica,sans-serif; font-size: medium;\">La segunda muda es entre los meses de septiembre &#8211; noviembre esta muda da paso al pelo de invierno que a mi modo de ver es el pelaje m\u00e1s hermoso que el <strong>Pastor Alem\u00e1n<\/strong> tiene durante el a\u00f1o, este pelo invernal es m\u00e1s largo y denso que el de primavera. Esta capa de pelo de invierno en el pastor alem\u00e1n le provee de aislamiento contra el clima frio y le permite conservar m\u00e1s eficientemente su temperatura corporal.<\/span><\/p>\n<p style=\"text-align: justify;\"><span style=\"font-family: arial,helvetica,sans-serif; font-size: medium;\">Muchas personas se alarman al ver que su perro tira grandes mechones de pelo y de inmediato piensan que su perro est\u00e1 enfermo, pero esto no es as\u00ed la muda de pelo o \u201cpelecha\u201d en los <strong>Pastores Alemanes<\/strong> es normal y nos indica a su vez que nuestro perro est\u00e1 sano.<\/span><\/p>\n<p style=\"text-align: justify;\"><span style=\"font-family: arial,helvetica,sans-serif; font-size: medium;\">Las hormonas juegan un papel central en la calidad y belleza del pelo de tu <strong>Pastor Alem\u00e1n<\/strong>, los cambios de luminosidad en las diferentes estaciones del a\u00f1o estimula su gl\u00e1ndula pineal que es una gl\u00e1ndula end\u00f3crina que secreta hormonas y estas \u00a0en combinaci\u00f3n con las hormonas sexuales env\u00edan impulsos de actividad a las c\u00e9lulas de la piel.<\/span><\/p>\n<p style=\"text-align: justify;\"><span style=\"font-family: arial,helvetica,sans-serif; font-size: medium;\">Estos est\u00edmulos son los responsables de que tu <strong>perra pastor alem\u00e1n<\/strong> pierda gran cantidad de pelo antes de entrar en su periodo de celo o calor, as\u00ed muchas de mis hembras reproductoras que se aparean despu\u00e9s de la pelecha presentan un hermoso pelo casi al final del embarazo, sin lugar a dudas el m\u00e1s hermoso pelo de una hembra de pastor alem\u00e1n es el que presenta al final del embarazo! Y se da gracias al efecto de las hormonas que son abundantes en esa etapa reproductiva.<\/span><\/p>\n<p style=\"text-align: justify;\"><strong><span style=\"font-family: arial,helvetica,sans-serif; font-size: medium;\">Si eres un propietario preocupado por la cantidad de pelo que pierde tu perro o si eres un propietario novato estos datos te ayudaran a calmar tus nervios!<\/span><\/strong><\/p>\n<p style=\"text-align: justify;\"><span style=\"font-family: arial,helvetica,sans-serif; font-size: medium;\">Un <strong>Pastor Alem\u00e1n<\/strong> posee dos capas de pelo, por eso lees o escuchas que el perro tiene doble capa de pelo y ya sea que tu pastor alem\u00e1n sea de pelo largo o corto ambos presentan una capa interna corta, densa y suave de pelo pegada a su piel y una segunda capa exterior de pelo que es m\u00e1s larga y dura, esa capa de pelo es la que todos vemos en nuestros perros.<\/span><\/p>\n<p style=\"text-align: justify;\"><span style=\"font-family: arial,helvetica,sans-serif; font-size: medium;\">Ahora es momento de que saque la calculadora para calcular cu\u00e1nto pelo tiene tu perro y cuantos gramos de este perder\u00e1 al a\u00f1o durante sus dos mudas de pelo.<\/span><\/p>\n<p style=\"text-align: justify;\"><span style=\"font-family: arial,helvetica,sans-serif; font-size: medium;\">Un <strong>Pastor Alem\u00e1n<\/strong> tiene unos 15 a 35 gramos de pelo por cada kilogramo de peso corporal, obviamente este par\u00e1metro se ve influenciado por el sexo, edad, estado de salud y periodo reproductivo pero en general ese es el rango.<\/span><\/p>\n<p style=\"text-align: justify;\"><span style=\"font-family: arial,helvetica,sans-serif; font-size: medium;\">As\u00ed que si tu Perro pesa 35 kilogramos tendr\u00e1 entre 525 a 1,225 gramos de pelo en las dos capas de pelo y cuando tu perro cambie de pelo esa ser\u00e1 la cantidad que deber\u00e1s de retirar hasta que no quede ni un solo pelo de la temporada anterior.<\/span><\/p>\n<p style=\"text-align: justify;\"><span style=\"font-family: arial,helvetica,sans-serif; font-size: medium;\">Quiero aqu\u00ed explicarte que la piel de tu <strong>Pastor Alem\u00e1n<\/strong> es m\u00e1s delicada, delgada y menos densa que tu piel, por tal raz\u00f3n para tu perro es muy importante contar con un pelaje sano y limpio ya que esta es la barrera natural que lo protege de la deshidrataci\u00f3n y le permite adem\u00e1s mantener estable su temperatura corporal.<\/span><\/p>\n<p style=\"text-align: justify;\"><span style=\"font-family: arial,helvetica,sans-serif; font-size: medium;\">Ya te explique la importancia de los factores estacionales y hormonales que intervienen en la calidad de la capa del pelo de tu <strong>Pastor Alem\u00e1n<\/strong>, ahora te mencionare los dos elementos que complementan la ecuaci\u00f3n.<\/span><\/p>\n<p style=\"text-align: justify;\"><strong><span style=\"font-family: arial,helvetica,sans-serif; font-size: medium;\">Y estos son la Nutrici\u00f3n y la Herencia Gen\u00e9tica<\/span><\/strong><\/p>\n<p style=\"text-align: justify;\"><span style=\"font-family: arial,helvetica,sans-serif; font-size: medium;\">Empecemos por la nutrici\u00f3n ya que a mi modo de ver es el elemento m\u00e1s importante y \u00a0adem\u00e1s es el \u00fanico que est\u00e1 totalmente en nuestras manos, es decir estar\u00e1s de acuerdo conmigo que t\u00fa y yo poco podemos hacer para cambiar las estaciones del a\u00f1o o para alterar el funcionamiento de las gl\u00e1ndulas endocrinas de nuestros perros, tampoco podemos modificar la composici\u00f3n del ADN de nuestros perros verdad? Pero lo que si podemos hacer es darles la nutrici\u00f3n m\u00e1s sana, natural y adecuada para ellos.<\/span><\/p>\n<p style=\"text-align: justify;\"><strong><span style=\"font-family: arial,helvetica,sans-serif; font-size: medium;\">\u00bfCu\u00e1l es la mejor nutrici\u00f3n para mi Pastor Alem\u00e1n?<\/span><\/strong><\/p>\n<p style=\"text-align: justify;\"><span style=\"font-family: arial,helvetica,sans-serif; font-size: medium;\">El Doctor Helmut Meyer me ense\u00f1o que <em>\u201cLa conducta de los perros, el aspecto de la capa de pelo y la consistencia de las heces es una prueba directa que te habla \u00a0de la calidad de un alimento&#8230;.<\/em><\/span><\/p>\n<p style=\"text-align: justify;\"><em><span style=\"font-family: arial,helvetica,sans-serif;\">Los propietarios pueden ver f\u00e1cilmente en la piel y el pelaje de su perro si la calidad del alimento que le dan es la adecuada. La piel sana deber\u00e1 ser firme, el\u00e1stica, suave y el pelo se ve brillante<\/span><\/em><\/p>\n<p style=\"text-align: justify;\"><em><span style=\"font-family: arial,helvetica,sans-serif;\">La piel \u00e1spera y seca, una capa de pelo \u00e1spera, sin brillo, a menos que se deba a problemas de salud, se debe a una inadecuada composici\u00f3n y calidad de la alimentaci\u00f3n<\/span><\/em><\/p>\n<p style=\"text-align: justify;\"><span style=\"font-size: small; font-family: andale mono,times;\">Meyer, H.: 157 La alimentaci\u00f3n del perro, S.\u00a0Stuttgart: Ulmer 1990<\/span><\/p>\n<p style=\"text-align: justify;\"><span style=\"font-family: arial,helvetica,sans-serif; font-size: medium;\">Problemas de resequedad de la piel, pelo quebradizo, colores p\u00e1lidos, pelo sin brillo, picaz\u00f3n continua as\u00ed como el lamido continuo de partes del cuerpo o un mal olor de la capa de pelo son indicativos de que tu <strong>Pastor Alem\u00e1n<\/strong> est\u00e1 sufriendo las consecuencias de una nutrici\u00f3n inadecuada.<\/span><\/p>\n<p style=\"text-align: justify;\"><span style=\"font-family: arial,helvetica,sans-serif; font-size: medium;\">Como ya he dicho los s\u00edntomas que te escrib\u00ed arriba pueden ser para tu veterinario s\u00edntomas inespec\u00edficos, es decir no son caracter\u00edsticos de una sola enfermedad. Sin embargo estudios cient\u00edficos enfocados a problemas de piel en perros indican que se puede asumir que si un perro cl\u00ednicamente sano presenta mala calidad de piel y pelo insatisfactoria es indicativo de que NO est\u00e1 correctamente alimentado, con esto se refuerza el concepto de que el pelaje de un Pastor Alem\u00e1n es el claro reflejo de la calidad de su dieta.<\/span><\/p>\n<p style=\"text-align: justify;\"><span style=\"font-family: arial,helvetica,sans-serif; font-size: medium;\">Yo solo uso y recomiendo la <a href=\"http:\/\/acbanatural.com\/diseno-de-dietas-acba\/acba\/\" target=\"_blank\" rel=\"noopener\"><strong>Alimentaci\u00f3n Cruda Biol\u00f3gicamente Apropiada<\/strong><\/a>, ya que la dieta cruda natural ha demostrado que no solo aporta los nutrientes esenciales para el desarrollo de los \u00f3rganos del perro sino que al ser la dieta original del perro, estimula el funcionamiento de sus hormonas y su metabolismo carn\u00edvoro lo que se reflejara en pelo bien pigmentado y con un hermoso brillo y salud.<\/span><\/p>\n<p style=\"text-align: justify;\"><strong><span style=\"font-family: arial,helvetica,sans-serif; font-size: medium;\">Finalmente te dejo algunas recomendaciones para que tu Pastor Alem\u00e1n tenga un pelo sano.<\/span><\/strong><\/p>\n<blockquote>\n<ul>\n<li style=\"text-align: justify;\"><span style=\"font-family: arial,helvetica,sans-serif; font-size: medium;\">Alim\u00e9ntalo con <a href=\"http:\/\/acbanatural.com\/diseno-de-dietas-acba\/acba\/\" target=\"_blank\" rel=\"noopener\">dietas org\u00e1nicas naturales crudas<\/a> o con piensos 100% org\u00e1nicos libres de conservadores y saborizantes artificiales, evita darle suplementos vitam\u00ednicos y minerales que casi siempre resultan nocivos, estos suplementos son MEDICINAS que solo en manos del Veterinario pueden usarse correctamente<br \/>\n<span style=\"color: #ffffff;\">.<\/span><br \/>\n<\/span><\/li>\n<li style=\"text-align: justify;\"><span style=\"font-family: arial,helvetica,sans-serif; font-size: medium;\">Evita alimentar a tu perro solo con carne o desechos de la mesa, un perro deber\u00e1 comer una variada cantidad de alimentos como son huesos blandos, piel, carne magra, cart\u00edlagos, viseras, de diferentes animales como res, cordero, pescados, y aves en general, adem\u00e1s de huevos y algunos subproductos l\u00e1cteos, yo siempre digo \u201cT<strong>u Pastor Alem\u00e1n<\/strong> deber\u00e1 comer solo lo que t\u00fa te atrever\u00edas a comer\u201d<br \/>\n<span style=\"color: #ffffff;\">.<\/span><br \/>\n<\/span><\/li>\n<li style=\"text-align: justify;\"><span style=\"font-family: arial,helvetica,sans-serif; font-size: medium;\">Ejerc\u00edtalo diariamente con juegos y carreras siempre al aire libre, el sol y el viento son acondicionadores naturales para el pelo de tu perro<br \/>\n<span style=\"color: #ffffff;\">.<\/span><br \/>\n<\/span><\/li>\n<li style=\"text-align: justify;\"><span style=\"font-family: arial,helvetica,sans-serif; font-size: medium;\">Cuando ba\u00f1es a tu <strong>Pastor Alem\u00e1n<\/strong> usa solo jab\u00f3n o champ\u00fas especiales para perro, usa agua tibia y d\u00e9jalo secar al aire libre<br \/>\n<span style=\"color: #ffffff;\">.<\/span><br \/>\n<\/span><\/li>\n<li style=\"text-align: justify;\"><span style=\"font-family: arial,helvetica,sans-serif; font-size: medium;\">Mant\u00e9n siempre las u\u00f1as de tu perro bien recordadas con esto evitaras que se lesione la piel y se provoque infecciones al rascarse con las u\u00f1as largas y sucias<br \/>\n<span style=\"color: #ffffff;\">.<\/span><br \/>\n<\/span><\/li>\n<li style=\"text-align: justify;\"><span style=\"font-family: arial,helvetica,sans-serif; font-size: medium;\">Cepilla a tu perro dos veces por semana con esto eliminas todo el pelo muerto y adem\u00e1s estimulas la circulaci\u00f3n sangu\u00ednea en su piel evitando enfermedades<br \/>\n<span style=\"color: #ffffff;\">.<\/span><br \/>\n<\/span><\/li>\n<li style=\"text-align: justify;\"><span style=\"font-family: arial,helvetica,sans-serif; font-size: medium;\">Revisa durante el cepillado si tu <strong>Pastor Alem\u00e1n<\/strong> tiene pulgas o garrapatas, adem\u00e1s mantenlo libre de estos insectos usando productos anti pulgas<br \/>\n<span style=\"color: #ffffff;\">.<\/span><br \/>\n<\/span><\/li>\n<li style=\"text-align: justify;\"><span style=\"font-family: arial,helvetica,sans-serif; font-size: medium;\">Desparasita a tu perro con antihelm\u00ednticos polivalentes cada 4 meses.<\/span><\/li>\n<\/ul>\n<\/blockquote>\n<p style=\"text-align: justify;\"><span style=\"font-family: arial,helvetica,sans-serif; font-size: medium;\">Un <strong>Pastor Alem\u00e1n<\/strong> sano que trota bajo los rayos del sol de la tarde es un espect\u00e1culo impresionante, la sola presencia de tu perro con su pelaje sano y brillante alegrara a las personas y \u00a0te har\u00e1 sentir orgulloso de ser el propietario de un <strong>Pastor Alem\u00e1n<\/strong> sano y feliz.<\/span><\/p>\n<p>&nbsp;<\/p>\n<p><span style=\"font-family: arial, helvetica, sans-serif; color: #ff0000;\"><strong>Si el art\u00edculo te gust\u00f3 por favor comp\u00e1rtelo con tus amigos. \u00a1Gracias!<\/strong><\/span><\/p>\n<p>S\u00cdGUEME EN GOOGLE+:\u00a0<a title=\"ruben borja\" href=\"https:\/\/www.google.com\/+RubenBorjaOficial\" target=\"_blank\" rel=\"noopener\"><span style=\"color: #0000ff;\">https:\/\/www.google.com\/+RubenBorjaOficial<\/span><br \/>\n<\/a>S\u00cdGUEME EN TWITTER:<span style=\"color: #0000ff;\">\u00a0<\/span><a title=\"ruben borja\" href=\"http:\/\/twitter.com\/Ruben_Borja\" target=\"_blank\" rel=\"noopener\"><span style=\"color: #0000ff;\">http:\/\/Twitter.com<strong>\/<\/strong>Ruben_Borja<\/span><br \/>\n<\/a>\u00a1LIKE EN FACEBOOK!: <span style=\"color: #0000ff;\"><a style=\"color: #0000ff;\" href=\"https:\/\/facebook.com\/CotoDeLobosOficial\/\" target=\"_blank\" rel=\"noopener\">https:\/\/facebook.com\/CotoDeLobosOficial\/<\/a><\/span><a title=\"ruben borja\" href=\"http:\/\/on.fb.me\/rubenborja\" target=\"_blank\" rel=\"noopener\"><br \/>\n<\/a>CANAL DE YOUTUBE:\u00a0<span style=\"color: #0000ff;\"><a style=\"color: #0000ff;\" title=\" onclick =\" href=\"http:\/\/www.youtube.com\/user\/CotoDeLobos\" target=\"_blank\" rel=\"noopener\">http:\/youtube.com<\/a><strong><a style=\"color: #0000ff;\" title=\" onclick =\" href=\"http:\/\/www.youtube.com\/user\/CotoDeLobos\" target=\"_blank\" rel=\"noopener\">\/<\/a><\/strong><a style=\"color: #0000ff;\" title=\" onclick =\" href=\"http:\/\/www.youtube.com\/user\/CotoDeLobos\" target=\"_blank\" rel=\"noopener\">user\/CotoDeLobos<\/a><\/span><a title=\"youtube de mi perro educado\" href=\"http:\/\/www.youtube.com\/user\/MiPerroEducado\" target=\"_blank\" rel=\"noopener\"><br \/>\n<\/a>OTRO DE MIS BLOGS:\u00a0<a title=\"como educar perros\" href=\"http:\/\/miperroeducado.com\/\" target=\"_blank\" rel=\"noopener\"><span style=\"color: #0000ff;\">http:\/\/MiPerroEducado.com<\/span><br \/>\n<\/a>HAZME LA PREGUNTA QUE QUIERAS:\u00a0<span style=\"color: #0000ff;\"><a style=\"color: #0000ff;\" title=\" onclick =\" href=\"http:\/\/ask.fm\/RubenBorjaM\" target=\"_blank\" rel=\"noopener\">http:\/\/ask.fm\/RubenBorjaM<\/a><\/span><\/p>\n<p><a href=\"https:\/\/cotodelobos.com\/blog\/wp-content\/uploads\/2011\/02\/envio-de-comentarios2.jpg\"><img decoding=\"async\" class=\"aligncenter size-full wp-image-1415\" src=\"https:\/\/cotodelobos.com\/blog\/wp-content\/uploads\/2011\/02\/envio-de-comentarios2.jpg\" alt=\"envio-de-comentarios2\" width=\"492\" height=\"118\" srcset=\"https:\/\/cotodelobos.com\/blog\/wp-content\/uploads\/2011\/02\/envio-de-comentarios2.jpg 492w, https:\/\/cotodelobos.com\/blog\/wp-content\/uploads\/2011\/02\/envio-de-comentarios2-300x71.jpg 300w\" sizes=\"(max-width: 492px) 100vw, 492px\" \/><\/a><\/p>\n<p>&nbsp;<\/p>\n<p style=\"text-align: justify;\">\n","protected":false},"excerpt":{"rendered":"<p>Sin duda el pelaje de un Perro Pastor Alem\u00e1n es el reflejo de su estado de salud, si tu perro sufre de alg\u00fan trastorno de salud o mala nutrici\u00f3n esto se reflejara en su pelo como falta de brillo, resequedad, perdida de pelo o problemas en la muda.<\/p>\n","protected":false},"author":1,"featured_media":1386,"comment_status":"open","ping_status":"open","sticky":false,"template":"","format":"standard","meta":{"footnotes":""},"categories":[5,65],"tags":[109,119,112,118],"class_list":["post-1385","post","type-post","status-publish","format-standard","has-post-thumbnail","hentry","category-coto-de-lobos","category-salud-y-alimentacion","tag-consejos","tag-cuidados","tag-nutricion","tag-pelaje"],"yoast_head":"<!-- This site is optimized with the Yoast SEO plugin v27.4 - https:\/\/yoast.com\/product\/yoast-seo-wordpress\/ -->\n<title>Como Mejorar El Pelaje Del Pastor Alem\u00e1n - Coto de Lobos<\/title>\n<meta name=\"robots\" content=\"index, follow, max-snippet:-1, max-image-preview:large, max-video-preview:-1\" \/>\n<link rel=\"canonical\" href=\"https:\/\/cotodelobos.com\/blog\/el-pelo-del-pastor-aleman\/\" \/>\n<meta property=\"og:locale\" content=\"es_ES\" \/>\n<meta property=\"og:type\" content=\"article\" \/>\n<meta property=\"og:title\" content=\"Como Mejorar El Pelaje Del Pastor Alem\u00e1n - Coto de Lobos\" \/>\n<meta property=\"og:description\" content=\"Sin duda el pelaje de un Perro Pastor Alem\u00e1n es el reflejo de su estado de salud, si tu perro sufre de alg\u00fan trastorno de salud o mala nutrici\u00f3n esto se reflejara en su pelo como falta de brillo, resequedad, perdida de pelo o problemas en la muda.\" \/>\n<meta property=\"og:url\" content=\"https:\/\/cotodelobos.com\/blog\/el-pelo-del-pastor-aleman\/\" \/>\n<meta property=\"og:site_name\" content=\"Coto de Lobos\" \/>\n<meta property=\"article:publisher\" content=\"https:\/\/www.facebook.com\/CotoDeLobosOficial\" \/>\n<meta property=\"article:published_time\" content=\"2012-11-02T01:04:55+00:00\" \/>\n<meta property=\"article:modified_time\" content=\"2018-06-19T17:28:26+00:00\" \/>\n<meta property=\"og:image\" content=\"https:\/\/cotodelobos.com\/blog\/wp-content\/uploads\/2012\/11\/El-Pelaje-Del-Pastor-Alem\u00e1n.jpg\" \/>\n\t<meta property=\"og:image:width\" content=\"559\" \/>\n\t<meta property=\"og:image:height\" content=\"331\" \/>\n\t<meta property=\"og:image:type\" content=\"image\/jpeg\" \/>\n<meta name=\"author\" content=\"Rub\u00e9n Borja\" \/>\n<meta name=\"twitter:card\" content=\"summary_large_image\" \/>\n<meta name=\"twitter:creator\" content=\"@arbo\" \/>\n<meta name=\"twitter:label1\" content=\"Escrito por\" \/>\n\t<meta name=\"twitter:data1\" content=\"Rub\u00e9n Borja\" \/>\n\t<meta name=\"twitter:label2\" content=\"Tiempo de lectura\" \/>\n\t<meta name=\"twitter:data2\" content=\"8 minutos\" \/>\n<script type=\"application\/ld+json\" class=\"yoast-schema-graph\">{\"@context\":\"https:\\\/\\\/schema.org\",\"@graph\":[{\"@type\":\"Article\",\"@id\":\"https:\\\/\\\/cotodelobos.com\\\/blog\\\/el-pelo-del-pastor-aleman\\\/#article\",\"isPartOf\":{\"@id\":\"https:\\\/\\\/cotodelobos.com\\\/blog\\\/el-pelo-del-pastor-aleman\\\/\"},\"author\":{\"name\":\"Rub\u00e9n Borja\",\"@id\":\"https:\\\/\\\/cotodelobos.com\\\/blog\\\/#\\\/schema\\\/person\\\/e794c5c7281382f93c46e84e56ded0a6\"},\"headline\":\"Como Mejorar El Pelaje Del Pastor Alem\u00e1n\",\"datePublished\":\"2012-11-02T01:04:55+00:00\",\"dateModified\":\"2018-06-19T17:28:26+00:00\",\"mainEntityOfPage\":{\"@id\":\"https:\\\/\\\/cotodelobos.com\\\/blog\\\/el-pelo-del-pastor-aleman\\\/\"},\"wordCount\":1644,\"commentCount\":88,\"image\":{\"@id\":\"https:\\\/\\\/cotodelobos.com\\\/blog\\\/el-pelo-del-pastor-aleman\\\/#primaryimage\"},\"thumbnailUrl\":\"https:\\\/\\\/cotodelobos.com\\\/blog\\\/wp-content\\\/uploads\\\/2012\\\/11\\\/El-Pelaje-Del-Pastor-Alem\u00e1n.jpg\",\"keywords\":[\"consejos\",\"cuidados\",\"nutrici\u00f3n\",\"pelaje\"],\"articleSection\":[\"Coto de Lobos\",\"Salud y Alimentaci\u00f3n\"],\"inLanguage\":\"es\",\"potentialAction\":[{\"@type\":\"CommentAction\",\"name\":\"Comment\",\"target\":[\"https:\\\/\\\/cotodelobos.com\\\/blog\\\/el-pelo-del-pastor-aleman\\\/#respond\"]}]},{\"@type\":\"WebPage\",\"@id\":\"https:\\\/\\\/cotodelobos.com\\\/blog\\\/el-pelo-del-pastor-aleman\\\/\",\"url\":\"https:\\\/\\\/cotodelobos.com\\\/blog\\\/el-pelo-del-pastor-aleman\\\/\",\"name\":\"Como Mejorar El Pelaje Del Pastor Alem\u00e1n - Coto de Lobos\",\"isPartOf\":{\"@id\":\"https:\\\/\\\/cotodelobos.com\\\/blog\\\/#website\"},\"primaryImageOfPage\":{\"@id\":\"https:\\\/\\\/cotodelobos.com\\\/blog\\\/el-pelo-del-pastor-aleman\\\/#primaryimage\"},\"image\":{\"@id\":\"https:\\\/\\\/cotodelobos.com\\\/blog\\\/el-pelo-del-pastor-aleman\\\/#primaryimage\"},\"thumbnailUrl\":\"https:\\\/\\\/cotodelobos.com\\\/blog\\\/wp-content\\\/uploads\\\/2012\\\/11\\\/El-Pelaje-Del-Pastor-Alem\u00e1n.jpg\",\"datePublished\":\"2012-11-02T01:04:55+00:00\",\"dateModified\":\"2018-06-19T17:28:26+00:00\",\"author\":{\"@id\":\"https:\\\/\\\/cotodelobos.com\\\/blog\\\/#\\\/schema\\\/person\\\/e794c5c7281382f93c46e84e56ded0a6\"},\"breadcrumb\":{\"@id\":\"https:\\\/\\\/cotodelobos.com\\\/blog\\\/el-pelo-del-pastor-aleman\\\/#breadcrumb\"},\"inLanguage\":\"es\",\"potentialAction\":[{\"@type\":\"ReadAction\",\"target\":[\"https:\\\/\\\/cotodelobos.com\\\/blog\\\/el-pelo-del-pastor-aleman\\\/\"]}]},{\"@type\":\"ImageObject\",\"inLanguage\":\"es\",\"@id\":\"https:\\\/\\\/cotodelobos.com\\\/blog\\\/el-pelo-del-pastor-aleman\\\/#primaryimage\",\"url\":\"https:\\\/\\\/cotodelobos.com\\\/blog\\\/wp-content\\\/uploads\\\/2012\\\/11\\\/El-Pelaje-Del-Pastor-Alem\u00e1n.jpg\",\"contentUrl\":\"https:\\\/\\\/cotodelobos.com\\\/blog\\\/wp-content\\\/uploads\\\/2012\\\/11\\\/El-Pelaje-Del-Pastor-Alem\u00e1n.jpg\",\"width\":\"559\",\"height\":\"331\",\"caption\":\"im\u00e1genes de pastor alem\u00e1n\"},{\"@type\":\"BreadcrumbList\",\"@id\":\"https:\\\/\\\/cotodelobos.com\\\/blog\\\/el-pelo-del-pastor-aleman\\\/#breadcrumb\",\"itemListElement\":[{\"@type\":\"ListItem\",\"position\":1,\"name\":\"Portada\",\"item\":\"https:\\\/\\\/cotodelobos.com\\\/blog\\\/\"},{\"@type\":\"ListItem\",\"position\":2,\"name\":\"Como Mejorar El Pelaje Del Pastor Alem\u00e1n\"}]},{\"@type\":\"WebSite\",\"@id\":\"https:\\\/\\\/cotodelobos.com\\\/blog\\\/#website\",\"url\":\"https:\\\/\\\/cotodelobos.com\\\/blog\\\/\",\"name\":\"Coto de Lobos\",\"description\":\"Cria Natural del Pastor Alem\u00e1n SV\",\"potentialAction\":[{\"@type\":\"SearchAction\",\"target\":{\"@type\":\"EntryPoint\",\"urlTemplate\":\"https:\\\/\\\/cotodelobos.com\\\/blog\\\/?s={search_term_string}\"},\"query-input\":{\"@type\":\"PropertyValueSpecification\",\"valueRequired\":true,\"valueName\":\"search_term_string\"}}],\"inLanguage\":\"es\"},{\"@type\":\"Person\",\"@id\":\"https:\\\/\\\/cotodelobos.com\\\/blog\\\/#\\\/schema\\\/person\\\/e794c5c7281382f93c46e84e56ded0a6\",\"name\":\"Rub\u00e9n Borja\",\"sameAs\":[\"https:\\\/\\\/x.com\\\/arbo\"],\"url\":\"https:\\\/\\\/cotodelobos.com\\\/blog\\\/author\\\/arbo\\\/\"}]}<\/script>\n<!-- \/ Yoast SEO plugin. -->","yoast_head_json":{"title":"Como Mejorar El Pelaje Del Pastor Alem\u00e1n - Coto de Lobos","robots":{"index":"index","follow":"follow","max-snippet":"max-snippet:-1","max-image-preview":"max-image-preview:large","max-video-preview":"max-video-preview:-1"},"canonical":"https:\/\/cotodelobos.com\/blog\/el-pelo-del-pastor-aleman\/","og_locale":"es_ES","og_type":"article","og_title":"Como Mejorar El Pelaje Del Pastor Alem\u00e1n - Coto de Lobos","og_description":"Sin duda el pelaje de un Perro Pastor Alem\u00e1n es el reflejo de su estado de salud, si tu perro sufre de alg\u00fan trastorno de salud o mala nutrici\u00f3n esto se reflejara en su pelo como falta de brillo, resequedad, perdida de pelo o problemas en la muda.","og_url":"https:\/\/cotodelobos.com\/blog\/el-pelo-del-pastor-aleman\/","og_site_name":"Coto de Lobos","article_publisher":"https:\/\/www.facebook.com\/CotoDeLobosOficial","article_published_time":"2012-11-02T01:04:55+00:00","article_modified_time":"2018-06-19T17:28:26+00:00","og_image":[{"width":559,"height":331,"url":"https:\/\/cotodelobos.com\/blog\/wp-content\/uploads\/2012\/11\/El-Pelaje-Del-Pastor-Alem\u00e1n.jpg","type":"image\/jpeg"}],"author":"Rub\u00e9n Borja","twitter_card":"summary_large_image","twitter_creator":"@arbo","twitter_misc":{"Escrito por":"Rub\u00e9n Borja","Tiempo de lectura":"8 minutos"},"schema":{"@context":"https:\/\/schema.org","@graph":[{"@type":"Article","@id":"https:\/\/cotodelobos.com\/blog\/el-pelo-del-pastor-aleman\/#article","isPartOf":{"@id":"https:\/\/cotodelobos.com\/blog\/el-pelo-del-pastor-aleman\/"},"author":{"name":"Rub\u00e9n Borja","@id":"https:\/\/cotodelobos.com\/blog\/#\/schema\/person\/e794c5c7281382f93c46e84e56ded0a6"},"headline":"Como Mejorar El Pelaje Del Pastor Alem\u00e1n","datePublished":"2012-11-02T01:04:55+00:00","dateModified":"2018-06-19T17:28:26+00:00","mainEntityOfPage":{"@id":"https:\/\/cotodelobos.com\/blog\/el-pelo-del-pastor-aleman\/"},"wordCount":1644,"commentCount":88,"image":{"@id":"https:\/\/cotodelobos.com\/blog\/el-pelo-del-pastor-aleman\/#primaryimage"},"thumbnailUrl":"https:\/\/cotodelobos.com\/blog\/wp-content\/uploads\/2012\/11\/El-Pelaje-Del-Pastor-Alem\u00e1n.jpg","keywords":["consejos","cuidados","nutrici\u00f3n","pelaje"],"articleSection":["Coto de Lobos","Salud y Alimentaci\u00f3n"],"inLanguage":"es","potentialAction":[{"@type":"CommentAction","name":"Comment","target":["https:\/\/cotodelobos.com\/blog\/el-pelo-del-pastor-aleman\/#respond"]}]},{"@type":"WebPage","@id":"https:\/\/cotodelobos.com\/blog\/el-pelo-del-pastor-aleman\/","url":"https:\/\/cotodelobos.com\/blog\/el-pelo-del-pastor-aleman\/","name":"Como Mejorar El Pelaje Del Pastor Alem\u00e1n - Coto de Lobos","isPartOf":{"@id":"https:\/\/cotodelobos.com\/blog\/#website"},"primaryImageOfPage":{"@id":"https:\/\/cotodelobos.com\/blog\/el-pelo-del-pastor-aleman\/#primaryimage"},"image":{"@id":"https:\/\/cotodelobos.com\/blog\/el-pelo-del-pastor-aleman\/#primaryimage"},"thumbnailUrl":"https:\/\/cotodelobos.com\/blog\/wp-content\/uploads\/2012\/11\/El-Pelaje-Del-Pastor-Alem\u00e1n.jpg","datePublished":"2012-11-02T01:04:55+00:00","dateModified":"2018-06-19T17:28:26+00:00","author":{"@id":"https:\/\/cotodelobos.com\/blog\/#\/schema\/person\/e794c5c7281382f93c46e84e56ded0a6"},"breadcrumb":{"@id":"https:\/\/cotodelobos.com\/blog\/el-pelo-del-pastor-aleman\/#breadcrumb"},"inLanguage":"es","potentialAction":[{"@type":"ReadAction","target":["https:\/\/cotodelobos.com\/blog\/el-pelo-del-pastor-aleman\/"]}]},{"@type":"ImageObject","inLanguage":"es","@id":"https:\/\/cotodelobos.com\/blog\/el-pelo-del-pastor-aleman\/#primaryimage","url":"https:\/\/cotodelobos.com\/blog\/wp-content\/uploads\/2012\/11\/El-Pelaje-Del-Pastor-Alem\u00e1n.jpg","contentUrl":"https:\/\/cotodelobos.com\/blog\/wp-content\/uploads\/2012\/11\/El-Pelaje-Del-Pastor-Alem\u00e1n.jpg","width":"559","height":"331","caption":"im\u00e1genes de pastor alem\u00e1n"},{"@type":"BreadcrumbList","@id":"https:\/\/cotodelobos.com\/blog\/el-pelo-del-pastor-aleman\/#breadcrumb","itemListElement":[{"@type":"ListItem","position":1,"name":"Portada","item":"https:\/\/cotodelobos.com\/blog\/"},{"@type":"ListItem","position":2,"name":"Como Mejorar El Pelaje Del Pastor Alem\u00e1n"}]},{"@type":"WebSite","@id":"https:\/\/cotodelobos.com\/blog\/#website","url":"https:\/\/cotodelobos.com\/blog\/","name":"Coto de Lobos","description":"Cria Natural del Pastor Alem\u00e1n SV","potentialAction":[{"@type":"SearchAction","target":{"@type":"EntryPoint","urlTemplate":"https:\/\/cotodelobos.com\/blog\/?s={search_term_string}"},"query-input":{"@type":"PropertyValueSpecification","valueRequired":true,"valueName":"search_term_string"}}],"inLanguage":"es"},{"@type":"Person","@id":"https:\/\/cotodelobos.com\/blog\/#\/schema\/person\/e794c5c7281382f93c46e84e56ded0a6","name":"Rub\u00e9n Borja","sameAs":["https:\/\/x.com\/arbo"],"url":"https:\/\/cotodelobos.com\/blog\/author\/arbo\/"}]}},"_links":{"self":[{"href":"https:\/\/cotodelobos.com\/blog\/wp-json\/wp\/v2\/posts\/1385","targetHints":{"allow":["GET"]}}],"collection":[{"href":"https:\/\/cotodelobos.com\/blog\/wp-json\/wp\/v2\/posts"}],"about":[{"href":"https:\/\/cotodelobos.com\/blog\/wp-json\/wp\/v2\/types\/post"}],"author":[{"embeddable":true,"href":"https:\/\/cotodelobos.com\/blog\/wp-json\/wp\/v2\/users\/1"}],"replies":[{"embeddable":true,"href":"https:\/\/cotodelobos.com\/blog\/wp-json\/wp\/v2\/comments?post=1385"}],"version-history":[{"count":21,"href":"https:\/\/cotodelobos.com\/blog\/wp-json\/wp\/v2\/posts\/1385\/revisions"}],"predecessor-version":[{"id":3094,"href":"https:\/\/cotodelobos.com\/blog\/wp-json\/wp\/v2\/posts\/1385\/revisions\/3094"}],"wp:featuredmedia":[{"embeddable":true,"href":"https:\/\/cotodelobos.com\/blog\/wp-json\/wp\/v2\/media\/1386"}],"wp:attachment":[{"href":"https:\/\/cotodelobos.com\/blog\/wp-json\/wp\/v2\/media?parent=1385"}],"wp:term":[{"taxonomy":"category","embeddable":true,"href":"https:\/\/cotodelobos.com\/blog\/wp-json\/wp\/v2\/categories?post=1385"},{"taxonomy":"post_tag","embeddable":true,"href":"https:\/\/cotodelobos.com\/blog\/wp-json\/wp\/v2\/tags?post=1385"}],"curies":[{"name":"wp","href":"https:\/\/api.w.org\/{rel}","templated":true}]}}