{"id":1305,"date":"2012-09-07T17:50:12","date_gmt":"2012-09-07T23:50:12","guid":{"rendered":"https:\/\/cotodelobos.com\/blog\/?p=1305"},"modified":"2018-06-19T11:31:07","modified_gmt":"2018-06-19T17:31:07","slug":"inteligencia-del-pastor-aleman-2","status":"publish","type":"post","link":"https:\/\/cotodelobos.com\/blog\/inteligencia-del-pastor-aleman-2\/","title":{"rendered":"La Inteligencia Del Pastor Alem\u00e1n"},"content":{"rendered":"<p style=\"text-align: justify;\"><a href=\"https:\/\/cotodelobos.com\/blog\/inteligencia-del-pastor-aleman-2\/\"><img fetchpriority=\"high\" decoding=\"async\" class=\"alignnone size-full wp-image-1308\" title=\"inteligencia funcional del pastor alem\u00e1n\" src=\"https:\/\/cotodelobos.com\/blog\/wp-content\/uploads\/2012\/09\/inteligencia-funcional-del-pastor-alem\u00e1n.jpg\" alt=\"perro de pastor alem\u00e1n\" width=\"557\" height=\"173\" srcset=\"https:\/\/cotodelobos.com\/blog\/wp-content\/uploads\/2012\/09\/inteligencia-funcional-del-pastor-alem\u00e1n.jpg 557w, https:\/\/cotodelobos.com\/blog\/wp-content\/uploads\/2012\/09\/inteligencia-funcional-del-pastor-alem\u00e1n-300x93.jpg 300w\" sizes=\"(max-width: 557px) 100vw, 557px\" \/><\/a><\/p>\n<p style=\"text-align: justify;\"><span style=\"font-family: arial, helvetica, sans-serif; font-size: medium;\">Cuando una persona ve a un <strong>Pastor Alem\u00e1n<\/strong> realizando un ejercicio deportivo en una exhibici\u00f3n, suele decir \u201cQue perro tan inteligente\u201d, pero eso no es verdad lo que deber\u00eda decir es \u201cQue buen Adiestrador\u201d.<\/span><!--more--><\/p>\n<p style=\"text-align: justify;\"><span style=\"font-family: arial, helvetica, sans-serif; font-size: medium;\">\u00bfPorque digo esto? Por la sencilla raz\u00f3n de que muchos, si no es que la mayor\u00eda de los <strong>Pastores Alemanes<\/strong> que se adiestran para las exhibiciones, no son inteligentes, pero a pesar de ello los adiestradores son tan capaces, que pueden hacer que cualquier perro logre realizar una rutina sin tener el can inteligencia funcional alguna.<\/span><\/p>\n<p style=\"text-align: justify;\"><span style=\"font-family: arial, helvetica, sans-serif; font-size: medium;\">Yo escucho con frecuencia en las conversaciones de los aficionados al <strong>Pastor Alem\u00e1n<\/strong>, que cuando alguno de ellos pide que alguien le recomi\u00e9ndenme a un buen adiestrador para sus perros, se comiencen a mencionen varios nombres de adiestradores, hasta que despues por unanimidad eligen al mejor adiestrador y comentan \u201cFulanito es tan buen entrenador que es capaz de titular en SchH a cualquier perro\u201d&#8230;&#8230; \u00a1Bravo Felicidades! para ese Adiestrador, que a mi modo de ver sin duda es muy capaz y profesional.<\/span><\/p>\n<p style=\"text-align: justify;\"><span style=\"font-family: arial, helvetica, sans-serif; font-size: medium;\">\u00bfPero acaso no ser\u00eda mejor, el tener <strong>Pastores Alemanes<\/strong> tan inteligentes, que casi cualquier adiestrador les pudiera titular en el SchH?<\/span><\/p>\n<p style=\"text-align: justify;\"><span style=\"font-family: arial, helvetica, sans-serif; font-size: medium;\">El que cada vez haya menos <strong>Pastores Alemanes<\/strong> inteligentes,\u00a0 ha sido la causa de que los adiestradores hayan tenido que desarrollar mecanismos de estimulaci\u00f3n positiva &#8211; negativa, el refuerzo positivo (comida \/ pelota &#8211; recompensa) el refuerzo negativo (collar \/ l\u00e1tigo &#8211; castigo) o una combinaci\u00f3n de ambos para poder adiestrar a un perro.\u00a0<\/span><\/p>\n<p style=\"text-align: justify;\"><span style=\"font-family: arial, helvetica, sans-serif; font-size: medium;\">Recientemente tuve la oportunidad de ver videos de <strong>Pastores Alemanes<\/strong> trabajando SchH en Alemania durante los a\u00f1os previos a la segunda guerra mundial y algunos otros videos\u00a0de los a\u00f1os de la posguerra y me llamo la atenci\u00f3n, el que los adiestradores de la mayor\u00eda de esos perros eran sus propietarios o amigos de su club, pero lo que seria m\u00e1s extra\u00f1o para un adiestrador moderno seria que esos antiguos due\u00f1os- adiestradores no utilizaban los tan famosos m\u00e9todos positivistas de comida\/pelota\/juguete.<\/span><\/p>\n<p style=\"text-align: justify;\"><span style=\"font-family: arial, helvetica, sans-serif; font-size: medium;\">Esos perros demostraban con su comportamiento f\u00edsico y lenguaje corporal que eran poseedores de una gran I<strong>nteligencia Funcional<\/strong>, basada en sus a\u00fan muy marcados comportamientos instintivos<\/span><\/p>\n<p style=\"text-align: justify;\"><strong><span style=\"font-family: arial, helvetica, sans-serif; font-size: medium;\">\u00bfQuieres Saber Como Se Estructura La Inteligencia Del Pastor Alem\u00e1n?<\/span><\/strong><\/p>\n<p style=\"text-align: justify;\"><span style=\"font-family: arial, helvetica, sans-serif; font-size: medium;\">Para que esto te resulte m\u00e1s ameno y simple, iniciare por dividir la Inteligencia de tu <strong>Pastor Alem\u00e1n<\/strong> en tres grandes \u00e1reas que son:<\/span><\/p>\n<ol>\n<li><strong><span style=\"font-family: arial, helvetica, sans-serif; font-size: medium;\">Inteligencia Instintiva<\/span><\/strong><\/li>\n<li><strong><span style=\"font-family: arial, helvetica, sans-serif; font-size: medium;\">Inteligencia Adaptativa<\/span><\/strong><\/li>\n<li><strong><span style=\"font-family: arial, helvetica, sans-serif; font-size: medium;\">Inteligencia \u00a0Funcional<\/span><\/strong><\/li>\n<\/ol>\n<p style=\"text-align: justify;\"><span style=\"font-family: arial, helvetica, sans-serif; font-size: medium;\"><strong>Inteligencia Instintiva:<\/strong> denominada en etolog\u00eda como <strong>Comportamientos Instintivos<\/strong> y se describen como una serie de mecanismos nerviosos ordenados jer\u00e1rquicamente de acuerdo a su valor fisiol\u00f3gico y que se activan por est\u00edmulos externos o internos, provocando en el perro, movimientos y actitudes que contribuyen a la eficacia biol\u00f3gica del individuo.<\/span><\/p>\n<p style=\"text-align: justify;\"><span style=\"font-family: arial, helvetica, sans-serif; font-size: medium;\">El <strong>comportamiento instintivo<\/strong> se activa por un est\u00edmulo simple y crea en autom\u00e1tico una respuesta, ejemplo: Cuando un macho olfatea a una hembra en celo instintivamente sabr\u00e1 como reproducirse sin ayuda alguna (siempre y cuando tenga buena Inteligencia Instintiva)<\/span><\/p>\n<p style=\"text-align: justify;\"><span style=\"font-family: arial, helvetica, sans-serif; font-size: medium;\">Esta memoria conductual gen\u00e9tica en un <strong>Pastor Alem\u00e1n<\/strong> es la que ha sido fijada a trav\u00e9s de miles de a\u00f1os de selecci\u00f3n en el c\u00f3digo gen\u00e9tico del perro y que es heredada de padres a hijos, es decir o se nace con ella o no se nace con ella, as\u00ed de simple.<\/span><\/p>\n<p style=\"text-align: justify;\"><span style=\"font-family: arial, helvetica, sans-serif; font-size: medium;\">En esto radica la importancia de reproducir solo <strong>Pastores Alemanes<\/strong> inteligentes y sobre todo con extraordinaria <strong>Inteligencia Funcional<\/strong>, ya que la reproducci\u00f3n de animales in\u00fatiles suplantar\u00eda a los genes de utilidad por genes de incompetencia y debilidad de car\u00e1cter, siempre en detrimento de los perros.<\/span><\/p>\n<p style=\"text-align: justify;\"><span style=\"font-family: arial, helvetica, sans-serif; font-size: medium;\">Este <strong>comportamiento instintivo<\/strong> o <strong>inteligencia instintiva<\/strong> ha sido desde el inicio de la raza <strong>Pastor Alem\u00e1n<\/strong> la base para la selecci\u00f3n de los perros de utilidad funcional.<\/span><\/p>\n<p style=\"text-align: justify;\"><span style=\"font-family: arial, helvetica, sans-serif; font-size: medium;\">En etolog\u00eda, reconocemos que estos comportamientos est\u00e1n insertados en el c\u00f3digo gen\u00e9tico de los perros como \u201cpredisposiciones de conducta\u201d \u00a0y son transmitidos de generaci\u00f3n en generaci\u00f3n, siempre y cuando la descendencia provenga de padres con buenas predisposiciones de conducta, que se describe com\u00fanmente como <strong>Inteligencia Instintiva<\/strong>.<\/span><\/p>\n<p style=\"text-align: justify;\"><span style=\"font-family: arial, helvetica, sans-serif; font-size: medium;\">Ahora hablemos de <strong>Inteligencia Adaptativa<\/strong> y la describir\u00e9 como la capacidad que tiene un perro de adaptarse a las condiciones del entorno en el que vive o la capacidad que tiene para aprovechar su habitad para su beneficio, ejemplo: la habilidad para cazar a sus presas, la memorizaci\u00f3n del terreno, el lenguaje corporal social.<\/span><\/p>\n<p style=\"text-align: justify;\"><span style=\"font-family: arial, helvetica, sans-serif; font-size: medium;\">Esta <strong>Inteligencia Adaptativa<\/strong> le permite a un perro seleccionar los comportamientos que le son m\u00e1s \u00fatiles para la obtenci\u00f3n de beneficios, incorpor\u00e1ndolos a su memoria, para que a trav\u00e9s de su <strong>inteligencia funcional<\/strong> hacer uso de ellos cuando una nueva circunstancia lo amerite.<\/span><\/p>\n<p style=\"text-align: justify;\"><span style=\"font-family: arial, helvetica, sans-serif; font-size: medium;\">En resumen la <strong>Inteligencia Instintiva<\/strong> es el detonador y el combustible que empuja al perro a responder de manera acertada\u00a0 a est\u00edmulos sutiles de su entorno, mientras que la <strong>inteligencia adaptativa<\/strong> es la recopilaci\u00f3n de experiencias que despu\u00e9s de ser guardadas en la memoria pueden ser usadas como herramientas pr\u00e1cticas para resolver eventos que suceden en su entorno.<\/span><\/p>\n<p style=\"text-align: justify;\"><span style=\"font-family: arial, helvetica, sans-serif; font-size: medium;\">Finalmente \u00a0tenemos a la <strong>Inteligencia Funcional<\/strong> que en etolog\u00eda la definimos como la capacidad que tiene tu <strong>Pastor Alem\u00e1n<\/strong> para ejecutar correctamente las \u00f3rdenes que recibe de su l\u00edder. A la <strong>Inteligencia Funcional<\/strong> tambi\u00e9n se le conoce como \u201cObediencia\u201d.<\/span><\/p>\n<p style=\"text-align: justify;\"><span style=\"font-family: arial, helvetica, sans-serif; font-size: medium;\">La <strong>inteligencia funcional<\/strong> es el nivel m\u00e1s fino de la pir\u00e1mide de la inteligencia en tu perro ya que un buen <strong>Pastor Alem\u00e1n<\/strong> de trabajo es aquel cuya <strong>Inteligencia instintiva<\/strong> es tan firme como para que el perro aprenda y madure su <strong>Inteligencia Adaptativa<\/strong> y como consecuencia tenga las capacidades propia de su raza para trabajar en beneficio de su gu\u00eda.\u00a0<\/span><\/p>\n<p style=\"text-align: justify;\"><span style=\"font-family: arial, helvetica, sans-serif; font-size: medium;\">Para efectos pr\u00e1cticos, es importante que comprendas que la <strong>Inteligencia Funcional<\/strong> de tu \u00a0<strong>Pastor Alem\u00e1n<\/strong>\u00a0 depender\u00e1 fundamentalmente de su <strong>Inteligencia Instintiva<\/strong> y que entre mayor sea la herencia instintiva gen\u00e9tica de sus padres, mayor ser\u00e1 su capacidad para operar y desarrollar su<strong>\u00a0Inteligencia Adaptativa<\/strong>.<\/span><\/p>\n<p style=\"text-align: justify;\"><span style=\"font-family: arial, helvetica, sans-serif; font-size: medium;\">Estas diferencias est\u00e1n presentes en los fenotipos de las l\u00edneas de cr\u00eda del <strong>Pastor Alem\u00e1n<\/strong>, por esta raz\u00f3n es que podemos ver \u00a0perros de exhibici\u00f3n que cumplen m\u00ednimamente con una rutina mec\u00e1nica (no instintiva) de perro de ataque, pero que se comportan fuera de las pistas de competencia como perros carentes de<strong> Inteligencia Funcional<\/strong>.<\/span><\/p>\n<p style=\"text-align: justify;\"><span style=\"font-family: arial, helvetica, sans-serif; font-size: medium;\">Mientras que en una l\u00ednea de cr\u00eda de perros <strong>Pastor Alem\u00e1n<\/strong>, en la que se privilegia la selecci\u00f3n de reproductores con fuertes \u00a0comportamientos instintivos , esta dar\u00e1 como resultado perros que aprenden su trabajo r\u00e1pidamente y que adem\u00e1s son funcionalmente \u00fatiles para cualquier actividad en la que se requiera de perros de utilidad funcional.<\/span><\/p>\n<p style=\"text-align: justify;\"><span style=\"font-family: arial, helvetica, sans-serif; font-size: medium;\">Ahora est\u00e1 en ti el poner en pr\u00e1ctica toda esta informaci\u00f3n, no necesitas m\u00e1s herramienta que tu capacidad de observaci\u00f3n y tu honestidad como criador, t\u00fa decide qu\u00e9 tipo de perro deseas criar y no te desv\u00edes jam\u00e1s de ese objetivo.<\/span><\/p>\n<p style=\"text-align: justify;\"><span style=\"font-family: arial, helvetica, sans-serif; font-size: medium;\">Yo he criado much\u00edsimas camadas de <strong>Pastor Alem\u00e1n<\/strong> y he mantenido en evaluaci\u00f3n a docenas de cachorros hasta su pubertad y he visto en esas camadas algunos cachorros con comportamientos instintivos muy marcados, pero tambi\u00e9n es verdad que en muchas otras camadas a veces no nace ni un solo buen cachorro de utilidad, pero con paciencia y tenacidad he logrado criar ya 6 generaciones de perros de gran inteligencia instintiva y belleza utilitaria esos perros son \u00fatiles y felices viviendo con sus amos, los que se sienten orgullosos cuando sus amigos o vecinos les dicen <strong>\u00a1Que Inteligente es tu Pastor Alem\u00e1n!<\/strong><\/span><\/p>\n<p>&nbsp;<\/p>\n<p><span style=\"font-family: arial, helvetica, sans-serif; color: #ff0000;\"><strong>Si el art\u00edculo te gust\u00f3 por favor comp\u00e1rtelo con tus amigos. \u00a1Gracias!<\/strong><\/span><\/p>\n<p>S\u00cdGUEME EN GOOGLE+:\u00a0<a title=\"ruben borja\" href=\"https:\/\/www.google.com\/+RubenBorjaOficial\" target=\"_blank\" rel=\"noopener\"><span style=\"color: #0000ff;\">https:\/\/www.google.com\/+RubenBorjaOficial<\/span><br \/>\n<\/a>S\u00cdGUEME EN TWITTER:<span style=\"color: #0000ff;\">\u00a0<\/span><a title=\"ruben borja\" href=\"http:\/\/twitter.com\/Ruben_Borja\" target=\"_blank\" rel=\"noopener\"><span style=\"color: #0000ff;\">http:\/\/Twitter.com<strong>\/<\/strong>Ruben_Borja<\/span><br \/>\n<\/a>\u00a1LIKE EN FACEBOOK!: <span style=\"color: #0000ff;\"><a style=\"color: #0000ff;\" href=\"https:\/\/facebook.com\/CotoDeLobosOficial\/\" target=\"_blank\" rel=\"noopener\">https:\/\/facebook.com\/CotoDeLobosOficial\/<\/a><\/span><a title=\"ruben borja\" href=\"http:\/\/on.fb.me\/rubenborja\" target=\"_blank\" rel=\"noopener\"><br \/>\n<\/a>CANAL DE YOUTUBE:\u00a0<span style=\"color: #0000ff;\"><a style=\"color: #0000ff;\" title=\" onclick =\" href=\"http:\/\/www.youtube.com\/user\/CotoDeLobos\" target=\"_blank\" rel=\"noopener\">http:\/youtube.com<\/a><strong><a style=\"color: #0000ff;\" title=\" onclick =\" href=\"http:\/\/www.youtube.com\/user\/CotoDeLobos\" target=\"_blank\" rel=\"noopener\">\/<\/a><\/strong><a style=\"color: #0000ff;\" title=\" onclick =\" href=\"http:\/\/www.youtube.com\/user\/CotoDeLobos\" target=\"_blank\" rel=\"noopener\">user\/CotoDeLobos<\/a><\/span><a title=\"youtube de mi perro educado\" href=\"http:\/\/www.youtube.com\/user\/MiPerroEducado\" target=\"_blank\" rel=\"noopener\"><br \/>\n<\/a>OTRO DE MIS BLOGS:\u00a0<a title=\"como educar perros\" href=\"http:\/\/miperroeducado.com\/\" target=\"_blank\" rel=\"noopener\"><span style=\"color: #0000ff;\">http:\/\/MiPerroEducado.com<\/span><br \/>\n<\/a>HAZME LA PREGUNTA QUE QUIERAS:\u00a0<span style=\"color: #0000ff;\"><a style=\"color: #0000ff;\" title=\" onclick =\" href=\"http:\/\/ask.fm\/RubenBorjaM\" target=\"_blank\" rel=\"noopener\">http:\/\/ask.fm\/RubenBorjaM<\/a><\/span><\/p>\n<p><a href=\"https:\/\/cotodelobos.com\/blog\/wp-content\/uploads\/2011\/02\/envio-de-comentarios2.jpg\"><img decoding=\"async\" class=\"aligncenter size-full wp-image-1415\" src=\"https:\/\/cotodelobos.com\/blog\/wp-content\/uploads\/2011\/02\/envio-de-comentarios2.jpg\" alt=\"envio-de-comentarios2\" width=\"492\" height=\"118\" srcset=\"https:\/\/cotodelobos.com\/blog\/wp-content\/uploads\/2011\/02\/envio-de-comentarios2.jpg 492w, https:\/\/cotodelobos.com\/blog\/wp-content\/uploads\/2011\/02\/envio-de-comentarios2-300x71.jpg 300w\" sizes=\"(max-width: 492px) 100vw, 492px\" \/><\/a><\/p>\n","protected":false},"excerpt":{"rendered":"<p>Cuando una persona ve a un Pastor Alem\u00e1n realizando un ejercicio deportivo en una exhibici\u00f3n, suele decir \u201cQue perro tan inteligente\u201d, pero eso no es verdad lo que deber\u00eda decir es \u201cQue buen Adiestrador\u201d.<\/p>\n","protected":false},"author":1,"featured_media":1308,"comment_status":"open","ping_status":"open","sticky":false,"template":"","format":"standard","meta":{"footnotes":""},"categories":[5,6,7,108,11],"tags":[109,173,97,110],"class_list":["post-1305","post","type-post","status-publish","format-standard","has-post-thumbnail","hentry","category-coto-de-lobos","category-curso-de-crianza","category-educacion","category-etologia-2","category-tips-para-comenzar","tag-consejos","tag-educacion","tag-etologia","tag-tips-para-comenzar-2"],"yoast_head":"<!-- This site is optimized with the Yoast SEO plugin v27.4 - https:\/\/yoast.com\/product\/yoast-seo-wordpress\/ -->\n<title>La Inteligencia Del Pastor Alem\u00e1n - Coto de Lobos<\/title>\n<meta name=\"robots\" content=\"index, follow, max-snippet:-1, max-image-preview:large, max-video-preview:-1\" \/>\n<link rel=\"canonical\" href=\"https:\/\/cotodelobos.com\/blog\/inteligencia-del-pastor-aleman-2\/\" \/>\n<meta property=\"og:locale\" content=\"es_ES\" \/>\n<meta property=\"og:type\" content=\"article\" \/>\n<meta property=\"og:title\" content=\"La Inteligencia Del Pastor Alem\u00e1n - Coto de Lobos\" \/>\n<meta property=\"og:description\" content=\"Cuando una persona ve a un Pastor Alem\u00e1n realizando un ejercicio deportivo en una exhibici\u00f3n, suele decir \u201cQue perro tan inteligente\u201d, pero eso no es verdad lo que deber\u00eda decir es \u201cQue buen Adiestrador\u201d.\" \/>\n<meta property=\"og:url\" content=\"https:\/\/cotodelobos.com\/blog\/inteligencia-del-pastor-aleman-2\/\" \/>\n<meta property=\"og:site_name\" content=\"Coto de Lobos\" \/>\n<meta property=\"article:publisher\" content=\"https:\/\/www.facebook.com\/CotoDeLobosOficial\" \/>\n<meta property=\"article:published_time\" content=\"2012-09-07T23:50:12+00:00\" \/>\n<meta property=\"article:modified_time\" content=\"2018-06-19T17:31:07+00:00\" \/>\n<meta property=\"og:image\" content=\"https:\/\/cotodelobos.com\/blog\/wp-content\/uploads\/2012\/09\/inteligencia-funcional-del-pastor-alem\u00e1n.jpg\" \/>\n\t<meta property=\"og:image:width\" content=\"557\" \/>\n\t<meta property=\"og:image:height\" content=\"173\" \/>\n\t<meta property=\"og:image:type\" content=\"image\/jpeg\" \/>\n<meta name=\"author\" content=\"Rub\u00e9n Borja\" \/>\n<meta name=\"twitter:card\" content=\"summary_large_image\" \/>\n<meta name=\"twitter:creator\" content=\"@arbo\" \/>\n<meta name=\"twitter:label1\" content=\"Escrito por\" \/>\n\t<meta name=\"twitter:data1\" content=\"Rub\u00e9n Borja\" \/>\n\t<meta name=\"twitter:label2\" content=\"Tiempo de lectura\" \/>\n\t<meta name=\"twitter:data2\" content=\"7 minutos\" \/>\n<script type=\"application\/ld+json\" class=\"yoast-schema-graph\">{\"@context\":\"https:\\\/\\\/schema.org\",\"@graph\":[{\"@type\":\"Article\",\"@id\":\"https:\\\/\\\/cotodelobos.com\\\/blog\\\/inteligencia-del-pastor-aleman-2\\\/#article\",\"isPartOf\":{\"@id\":\"https:\\\/\\\/cotodelobos.com\\\/blog\\\/inteligencia-del-pastor-aleman-2\\\/\"},\"author\":{\"name\":\"Rub\u00e9n Borja\",\"@id\":\"https:\\\/\\\/cotodelobos.com\\\/blog\\\/#\\\/schema\\\/person\\\/e794c5c7281382f93c46e84e56ded0a6\"},\"headline\":\"La Inteligencia Del Pastor Alem\u00e1n\",\"datePublished\":\"2012-09-07T23:50:12+00:00\",\"dateModified\":\"2018-06-19T17:31:07+00:00\",\"mainEntityOfPage\":{\"@id\":\"https:\\\/\\\/cotodelobos.com\\\/blog\\\/inteligencia-del-pastor-aleman-2\\\/\"},\"wordCount\":1365,\"commentCount\":17,\"image\":{\"@id\":\"https:\\\/\\\/cotodelobos.com\\\/blog\\\/inteligencia-del-pastor-aleman-2\\\/#primaryimage\"},\"thumbnailUrl\":\"https:\\\/\\\/cotodelobos.com\\\/blog\\\/wp-content\\\/uploads\\\/2012\\\/09\\\/inteligencia-funcional-del-pastor-alem\u00e1n.jpg\",\"keywords\":[\"consejos\",\"Educacion\",\"etologia\",\"tips para comenzar\"],\"articleSection\":[\"Coto de Lobos\",\"Curso De Crianza\",\"Educacion\",\"Etolog\u00eda\",\"Tips Para Comenzar\"],\"inLanguage\":\"es\",\"potentialAction\":[{\"@type\":\"CommentAction\",\"name\":\"Comment\",\"target\":[\"https:\\\/\\\/cotodelobos.com\\\/blog\\\/inteligencia-del-pastor-aleman-2\\\/#respond\"]}]},{\"@type\":\"WebPage\",\"@id\":\"https:\\\/\\\/cotodelobos.com\\\/blog\\\/inteligencia-del-pastor-aleman-2\\\/\",\"url\":\"https:\\\/\\\/cotodelobos.com\\\/blog\\\/inteligencia-del-pastor-aleman-2\\\/\",\"name\":\"La Inteligencia Del Pastor Alem\u00e1n - Coto de Lobos\",\"isPartOf\":{\"@id\":\"https:\\\/\\\/cotodelobos.com\\\/blog\\\/#website\"},\"primaryImageOfPage\":{\"@id\":\"https:\\\/\\\/cotodelobos.com\\\/blog\\\/inteligencia-del-pastor-aleman-2\\\/#primaryimage\"},\"image\":{\"@id\":\"https:\\\/\\\/cotodelobos.com\\\/blog\\\/inteligencia-del-pastor-aleman-2\\\/#primaryimage\"},\"thumbnailUrl\":\"https:\\\/\\\/cotodelobos.com\\\/blog\\\/wp-content\\\/uploads\\\/2012\\\/09\\\/inteligencia-funcional-del-pastor-alem\u00e1n.jpg\",\"datePublished\":\"2012-09-07T23:50:12+00:00\",\"dateModified\":\"2018-06-19T17:31:07+00:00\",\"author\":{\"@id\":\"https:\\\/\\\/cotodelobos.com\\\/blog\\\/#\\\/schema\\\/person\\\/e794c5c7281382f93c46e84e56ded0a6\"},\"breadcrumb\":{\"@id\":\"https:\\\/\\\/cotodelobos.com\\\/blog\\\/inteligencia-del-pastor-aleman-2\\\/#breadcrumb\"},\"inLanguage\":\"es\",\"potentialAction\":[{\"@type\":\"ReadAction\",\"target\":[\"https:\\\/\\\/cotodelobos.com\\\/blog\\\/inteligencia-del-pastor-aleman-2\\\/\"]}]},{\"@type\":\"ImageObject\",\"inLanguage\":\"es\",\"@id\":\"https:\\\/\\\/cotodelobos.com\\\/blog\\\/inteligencia-del-pastor-aleman-2\\\/#primaryimage\",\"url\":\"https:\\\/\\\/cotodelobos.com\\\/blog\\\/wp-content\\\/uploads\\\/2012\\\/09\\\/inteligencia-funcional-del-pastor-alem\u00e1n.jpg\",\"contentUrl\":\"https:\\\/\\\/cotodelobos.com\\\/blog\\\/wp-content\\\/uploads\\\/2012\\\/09\\\/inteligencia-funcional-del-pastor-alem\u00e1n.jpg\",\"width\":\"557\",\"height\":\"173\",\"caption\":\"perro de pastor alem\u00e1n\"},{\"@type\":\"BreadcrumbList\",\"@id\":\"https:\\\/\\\/cotodelobos.com\\\/blog\\\/inteligencia-del-pastor-aleman-2\\\/#breadcrumb\",\"itemListElement\":[{\"@type\":\"ListItem\",\"position\":1,\"name\":\"Portada\",\"item\":\"https:\\\/\\\/cotodelobos.com\\\/blog\\\/\"},{\"@type\":\"ListItem\",\"position\":2,\"name\":\"La Inteligencia Del Pastor Alem\u00e1n\"}]},{\"@type\":\"WebSite\",\"@id\":\"https:\\\/\\\/cotodelobos.com\\\/blog\\\/#website\",\"url\":\"https:\\\/\\\/cotodelobos.com\\\/blog\\\/\",\"name\":\"Coto de Lobos\",\"description\":\"Cria Natural del Pastor Alem\u00e1n SV\",\"potentialAction\":[{\"@type\":\"SearchAction\",\"target\":{\"@type\":\"EntryPoint\",\"urlTemplate\":\"https:\\\/\\\/cotodelobos.com\\\/blog\\\/?s={search_term_string}\"},\"query-input\":{\"@type\":\"PropertyValueSpecification\",\"valueRequired\":true,\"valueName\":\"search_term_string\"}}],\"inLanguage\":\"es\"},{\"@type\":\"Person\",\"@id\":\"https:\\\/\\\/cotodelobos.com\\\/blog\\\/#\\\/schema\\\/person\\\/e794c5c7281382f93c46e84e56ded0a6\",\"name\":\"Rub\u00e9n Borja\",\"sameAs\":[\"https:\\\/\\\/x.com\\\/arbo\"],\"url\":\"https:\\\/\\\/cotodelobos.com\\\/blog\\\/author\\\/arbo\\\/\"}]}<\/script>\n<!-- \/ Yoast SEO plugin. -->","yoast_head_json":{"title":"La Inteligencia Del Pastor Alem\u00e1n - Coto de Lobos","robots":{"index":"index","follow":"follow","max-snippet":"max-snippet:-1","max-image-preview":"max-image-preview:large","max-video-preview":"max-video-preview:-1"},"canonical":"https:\/\/cotodelobos.com\/blog\/inteligencia-del-pastor-aleman-2\/","og_locale":"es_ES","og_type":"article","og_title":"La Inteligencia Del Pastor Alem\u00e1n - Coto de Lobos","og_description":"Cuando una persona ve a un Pastor Alem\u00e1n realizando un ejercicio deportivo en una exhibici\u00f3n, suele decir \u201cQue perro tan inteligente\u201d, pero eso no es verdad lo que deber\u00eda decir es \u201cQue buen Adiestrador\u201d.","og_url":"https:\/\/cotodelobos.com\/blog\/inteligencia-del-pastor-aleman-2\/","og_site_name":"Coto de Lobos","article_publisher":"https:\/\/www.facebook.com\/CotoDeLobosOficial","article_published_time":"2012-09-07T23:50:12+00:00","article_modified_time":"2018-06-19T17:31:07+00:00","og_image":[{"width":557,"height":173,"url":"https:\/\/cotodelobos.com\/blog\/wp-content\/uploads\/2012\/09\/inteligencia-funcional-del-pastor-alem\u00e1n.jpg","type":"image\/jpeg"}],"author":"Rub\u00e9n Borja","twitter_card":"summary_large_image","twitter_creator":"@arbo","twitter_misc":{"Escrito por":"Rub\u00e9n Borja","Tiempo de lectura":"7 minutos"},"schema":{"@context":"https:\/\/schema.org","@graph":[{"@type":"Article","@id":"https:\/\/cotodelobos.com\/blog\/inteligencia-del-pastor-aleman-2\/#article","isPartOf":{"@id":"https:\/\/cotodelobos.com\/blog\/inteligencia-del-pastor-aleman-2\/"},"author":{"name":"Rub\u00e9n Borja","@id":"https:\/\/cotodelobos.com\/blog\/#\/schema\/person\/e794c5c7281382f93c46e84e56ded0a6"},"headline":"La Inteligencia Del Pastor Alem\u00e1n","datePublished":"2012-09-07T23:50:12+00:00","dateModified":"2018-06-19T17:31:07+00:00","mainEntityOfPage":{"@id":"https:\/\/cotodelobos.com\/blog\/inteligencia-del-pastor-aleman-2\/"},"wordCount":1365,"commentCount":17,"image":{"@id":"https:\/\/cotodelobos.com\/blog\/inteligencia-del-pastor-aleman-2\/#primaryimage"},"thumbnailUrl":"https:\/\/cotodelobos.com\/blog\/wp-content\/uploads\/2012\/09\/inteligencia-funcional-del-pastor-alem\u00e1n.jpg","keywords":["consejos","Educacion","etologia","tips para comenzar"],"articleSection":["Coto de Lobos","Curso De Crianza","Educacion","Etolog\u00eda","Tips Para Comenzar"],"inLanguage":"es","potentialAction":[{"@type":"CommentAction","name":"Comment","target":["https:\/\/cotodelobos.com\/blog\/inteligencia-del-pastor-aleman-2\/#respond"]}]},{"@type":"WebPage","@id":"https:\/\/cotodelobos.com\/blog\/inteligencia-del-pastor-aleman-2\/","url":"https:\/\/cotodelobos.com\/blog\/inteligencia-del-pastor-aleman-2\/","name":"La Inteligencia Del Pastor Alem\u00e1n - Coto de Lobos","isPartOf":{"@id":"https:\/\/cotodelobos.com\/blog\/#website"},"primaryImageOfPage":{"@id":"https:\/\/cotodelobos.com\/blog\/inteligencia-del-pastor-aleman-2\/#primaryimage"},"image":{"@id":"https:\/\/cotodelobos.com\/blog\/inteligencia-del-pastor-aleman-2\/#primaryimage"},"thumbnailUrl":"https:\/\/cotodelobos.com\/blog\/wp-content\/uploads\/2012\/09\/inteligencia-funcional-del-pastor-alem\u00e1n.jpg","datePublished":"2012-09-07T23:50:12+00:00","dateModified":"2018-06-19T17:31:07+00:00","author":{"@id":"https:\/\/cotodelobos.com\/blog\/#\/schema\/person\/e794c5c7281382f93c46e84e56ded0a6"},"breadcrumb":{"@id":"https:\/\/cotodelobos.com\/blog\/inteligencia-del-pastor-aleman-2\/#breadcrumb"},"inLanguage":"es","potentialAction":[{"@type":"ReadAction","target":["https:\/\/cotodelobos.com\/blog\/inteligencia-del-pastor-aleman-2\/"]}]},{"@type":"ImageObject","inLanguage":"es","@id":"https:\/\/cotodelobos.com\/blog\/inteligencia-del-pastor-aleman-2\/#primaryimage","url":"https:\/\/cotodelobos.com\/blog\/wp-content\/uploads\/2012\/09\/inteligencia-funcional-del-pastor-alem\u00e1n.jpg","contentUrl":"https:\/\/cotodelobos.com\/blog\/wp-content\/uploads\/2012\/09\/inteligencia-funcional-del-pastor-alem\u00e1n.jpg","width":"557","height":"173","caption":"perro de pastor alem\u00e1n"},{"@type":"BreadcrumbList","@id":"https:\/\/cotodelobos.com\/blog\/inteligencia-del-pastor-aleman-2\/#breadcrumb","itemListElement":[{"@type":"ListItem","position":1,"name":"Portada","item":"https:\/\/cotodelobos.com\/blog\/"},{"@type":"ListItem","position":2,"name":"La Inteligencia Del Pastor Alem\u00e1n"}]},{"@type":"WebSite","@id":"https:\/\/cotodelobos.com\/blog\/#website","url":"https:\/\/cotodelobos.com\/blog\/","name":"Coto de Lobos","description":"Cria Natural del Pastor Alem\u00e1n SV","potentialAction":[{"@type":"SearchAction","target":{"@type":"EntryPoint","urlTemplate":"https:\/\/cotodelobos.com\/blog\/?s={search_term_string}"},"query-input":{"@type":"PropertyValueSpecification","valueRequired":true,"valueName":"search_term_string"}}],"inLanguage":"es"},{"@type":"Person","@id":"https:\/\/cotodelobos.com\/blog\/#\/schema\/person\/e794c5c7281382f93c46e84e56ded0a6","name":"Rub\u00e9n Borja","sameAs":["https:\/\/x.com\/arbo"],"url":"https:\/\/cotodelobos.com\/blog\/author\/arbo\/"}]}},"_links":{"self":[{"href":"https:\/\/cotodelobos.com\/blog\/wp-json\/wp\/v2\/posts\/1305","targetHints":{"allow":["GET"]}}],"collection":[{"href":"https:\/\/cotodelobos.com\/blog\/wp-json\/wp\/v2\/posts"}],"about":[{"href":"https:\/\/cotodelobos.com\/blog\/wp-json\/wp\/v2\/types\/post"}],"author":[{"embeddable":true,"href":"https:\/\/cotodelobos.com\/blog\/wp-json\/wp\/v2\/users\/1"}],"replies":[{"embeddable":true,"href":"https:\/\/cotodelobos.com\/blog\/wp-json\/wp\/v2\/comments?post=1305"}],"version-history":[{"count":28,"href":"https:\/\/cotodelobos.com\/blog\/wp-json\/wp\/v2\/posts\/1305\/revisions"}],"predecessor-version":[{"id":3098,"href":"https:\/\/cotodelobos.com\/blog\/wp-json\/wp\/v2\/posts\/1305\/revisions\/3098"}],"wp:featuredmedia":[{"embeddable":true,"href":"https:\/\/cotodelobos.com\/blog\/wp-json\/wp\/v2\/media\/1308"}],"wp:attachment":[{"href":"https:\/\/cotodelobos.com\/blog\/wp-json\/wp\/v2\/media?parent=1305"}],"wp:term":[{"taxonomy":"category","embeddable":true,"href":"https:\/\/cotodelobos.com\/blog\/wp-json\/wp\/v2\/categories?post=1305"},{"taxonomy":"post_tag","embeddable":true,"href":"https:\/\/cotodelobos.com\/blog\/wp-json\/wp\/v2\/tags?post=1305"}],"curies":[{"name":"wp","href":"https:\/\/api.w.org\/{rel}","templated":true}]}}