{"id":1157,"date":"2012-06-01T11:10:40","date_gmt":"2012-06-01T17:10:40","guid":{"rendered":"https:\/\/cotodelobos.com\/blog\/?p=1157"},"modified":"2018-06-19T11:35:02","modified_gmt":"2018-06-19T17:35:02","slug":"mi-perro-se-echa-encima","status":"publish","type":"post","link":"https:\/\/cotodelobos.com\/blog\/mi-perro-se-echa-encima\/","title":{"rendered":"Mi Perro Se Me Echa Encima"},"content":{"rendered":"<p style=\"text-align: justify;\"><img loading=\"lazy\" decoding=\"async\" loading=\"lazy\" class=\"size-full wp-image-1158 alignnone\" title=\"mi perro se me echa encima\" src=\"https:\/\/cotodelobos.com\/blog\/wp-content\/uploads\/2012\/06\/mi-perro-se-me-echa-encima.jpg\" alt=\"mi perro se me echa encima\" width=\"450\" height=\"321\" \/><\/p>\n<h2 style=\"text-align: center;\"><strong><span style=\"font-size: large;\">Mi Cachorro Pastor Alem\u00e1n Se Me Echa Encima<\/span><\/strong><\/h2>\n<p style=\"text-align: justify;\"><span style=\"font-family: arial,helvetica,sans-serif; font-size: medium;\">Primeramente te env\u00edo saludos y agradezco a todas las personas que me escriben envi\u00e1ndome sus preguntas y comentarios y precisamente es por la pregunta \u201c<strong>Mi Perro Se Me Echa Encima<\/strong>\u201d que recibo muy frecuentemente que decid\u00ed en este art\u00edculo explicarte de manera breve por qu\u00e9 tu <strong>Cachorro Pastor Alem\u00e1n se te Echa Encima y te Muerde<\/strong>.<\/span><!--more--><!--more--><\/p>\n<p style=\"text-align: justify;\"><span style=\"font-family: arial,helvetica,sans-serif; font-size: medium;\"><strong>Primero Hablemos De La Causa De Este Comportamiento<\/strong><\/span><\/p>\n<p style=\"text-align: justify;\"><span style=\"font-family: arial,helvetica,sans-serif; font-size: medium;\">En el mundo canino los <strong>cachorros o perros<\/strong> de jerarqu\u00eda inferior demuestran su respeto y saludan a sus l\u00edderes lamiendo la parte inferior de su hocico, es por esta raz\u00f3n que tu perro se te echa encima, el no quiere lastimarte lo que quiere es lamerte la barbilla, pero como eres \u00a0m\u00e1s alto que \u00e9l pues <strong>se te echa encima<\/strong>.<\/span><\/p>\n<p style=\"text-align: justify;\"><span style=\"font-family: arial,helvetica,sans-serif; font-size: medium;\">En relaci\u00f3n a las <strong>mordiditas en las manos<\/strong> te explico con este ejemplo: Una persona saluda de mano o con un abrazo a sus amigos y con caricias a sus familiares, pero es obvio que tu <strong>cachorro<\/strong> no tiene manos solo hocico, as\u00ed que los <strong>cachorros te mordisquean<\/strong> para saludarte.<\/span><\/p>\n<p style=\"text-align: justify;\"><span style=\"font-family: arial,helvetica,sans-serif; font-size: medium;\">Pero es tu \u00a0obligaci\u00f3n mostrarle con un golpecito en el costado de la barriga que deber\u00e1 parar cuando te muerda fuerte, en la vida natural su mam\u00e1 utiliza dos m\u00e9todos b\u00e1sicos para ense\u00f1arle \u00a0a un <strong>cachorro<\/strong> que pare de morderla.<\/span><\/p>\n<p style=\"text-align: justify;\"><span style=\"font-family: arial,helvetica,sans-serif; font-size: medium;\">Uno es apretando firmemente con sus mand\u00edbulas el hociquito del <strong>cachorro<\/strong>, \u00a0y el otro es dando una mordida o \u00a0golpe con su hocico, firme y seco en el cuello del <strong>cachorro<\/strong> para que pare, as\u00ed que tu deber\u00e1s ense\u00f1ar a tu <strong>cachorros<\/strong> de la misma manera en que momento deber\u00e1 parar, d\u00e1ndole un empuj\u00f3n seco firme y r\u00e1pido en un costado cuando te muerda fuerte o cogiendo y cerrando su hociquito con tu mano.<\/span><\/p>\n<p style=\"text-align: justify;\"><span style=\"font-family: arial,helvetica,sans-serif; font-size: medium;\">Tambi\u00e9n debes saber que tu eres el \u00fanico responsable de que tu <a title=\"cachorros pastor alem\u00e1n en venta\" href=\"http:\/\/cotodelobos.com\/cachorros_pastor_aleman_en_venta.html\" target=\"_blank\" rel=\"noopener\"><strong>Cachorro Pastor Alem\u00e1n<\/strong><\/a> te muerda y se te eche encima \u00bfporque? Porque de cachorrito seguramente al salir al patio o al llegar a casa lo llamabas con voces chillonas, palmaditas \u00a0y dejabas que te\u00a0 mordisqueara y lamieran las manos, dejabas que se parara en tus piernas y te parec\u00eda gracioso que mordisqueara tus zapatos, todo esto lo permitiste, porque era un peque\u00f1o beb\u00e9, pero lo que tu perro hacia a los 2 meses te molesta ahora que tiene los 6 u 8 meses.<\/span><\/p>\n<p style=\"text-align: justify;\"><span style=\"font-family: arial,helvetica,sans-serif; font-size: medium;\"><strong>Ahora Te Describo Un Ejercicio Pr\u00e1ctico Para que tu Cachorro Pastor Alem\u00e1n Deje de Echarse Sobre de Ti<\/strong><\/span><\/p>\n<p style=\"text-align: justify;\"><span style=\"font-family: arial,helvetica,sans-serif; font-size: medium;\">La Soluci\u00f3n es Un ejercicio <strong>Instintivista de Refuerzo Negativo<\/strong>, el refuerzo negativo es un est\u00edmulo natural negativo como el que los perros reciben en la naturaleza, es decir un cachorro necesita pincharse con un rosal para ya nunca m\u00e1s volver a morder un rosal, eso es un refuerzo negativo y es <strong>inofensivo!!<\/strong><\/span><\/p>\n<p style=\"text-align: justify;\"><span style=\"font-family: arial,helvetica,sans-serif; font-size: medium;\"><strong>El Ejercicio:<\/strong><\/span><\/p>\n<p style=\"text-align: justify;\"><span style=\"font-family: arial,helvetica,sans-serif; font-size: medium;\">Cuando tu perro se eche sobre ti, toma firmemente con tus manos sus mu\u00f1ecas y j\u00e1lalas suavemente y sin brusquedad hacia tu parte trasera en un movimiento como si lo obligaras a abrazar tu cintura hasta que su cara quede pegada a tu cuerpo, \u201cno le hables\u201d \u201cno lo veas\u201d \u201cno te r\u00edas\u201d solo suj\u00e9talo con fuerza, \u00e9l se jalara y tratara de zafarse, pero tu mant\u00e9n el agarre de sus patas y se firme, AL PRIMER GEMIDO O CHILLIDITO DE TU PERRO SUELTA SUS PATAS, no te muevas y mant\u00e9n el contacto visual en silencio, cuando se aleje o se agache date vuelta y vete en total silencio. Te aseguro que tu perro dejara de <strong>saltar sobre<\/strong> de ti en unos 2 d\u00edas, pero recuerda repetir t\u00fa y tu familia este mismo ejercicio cada vez que se <strong>eche encima<\/strong>.<\/span><\/p>\n<p style=\"text-align: justify;\"><span style=\"font-family: arial,helvetica,sans-serif; font-size: medium;\">Este ejercicio no da\u00f1a a tu <strong>cachorro<\/strong>, no lo violenta ni mental ni f\u00edsicamente, solo le ense\u00f1ara que si se echa sobre de ti quedara atrapado y eso<strong> \u00a1No le Gustara!<\/strong><\/span><\/p>\n<p style=\"text-align: justify;\"><span style=\"font-family: arial,helvetica,sans-serif; font-size: medium;\">No temas hacerlo, la finalidad es que no se <strong>echem\u00e1s sobre de ti<\/strong> pues al crecer tu <strong><a title=\"cachorros pastor alem\u00e1n en venta\" href=\"http:\/\/cotodelobos.com\/cachorros_pastor_aleman_en_venta.html\" target=\"_blank\" rel=\"noopener\"><strong>Cachorro Pastor Alem\u00e1n<\/strong><\/a><\/strong> puede llegar a lastimarte, derribarte o por lo menos mancharte la ropa limpia justo cuando vas de salida al trabajo, la escuela o la fiesta.<\/span><\/p>\n<p style=\"text-align: justify;\"><span style=\"font-family: arial,helvetica,sans-serif; font-size: medium;\">Recuerda que tu estar\u00e1s aplicando un m\u00e9todo <strong>100% Natural y Etol\u00f3gicamente Correcto<\/strong>, es por un <strong>est\u00edmulo negativo<\/strong> similar al de este ejercicio como un\u00a0<a title=\"cachorros pastor alem\u00e1n en venta\" href=\"http:\/\/cotodelobos.com\/cachorros_pastor_aleman_en_venta.html\" target=\"_blank\" rel=\"noopener\"><strong>Cachorro Pastor Alem\u00e1n<\/strong><\/a> en la vida en el campo aprende a no entrar en ciertos lugares para evitar quedar atrapado, es cuesti\u00f3n de sobrevivencia <strong>\u00bfMe explico? Instintivismo Puro<\/strong>.<\/span><\/p>\n<p style=\"text-align: justify;\"><span style=\"font-family: arial,helvetica,sans-serif; font-size: medium;\"><strong>Puntos B\u00e1sicos Para El \u00c9xito En Estos Ejercicios Es<\/strong><\/span><\/p>\n<ul style=\"text-align: justify;\">\n<li><span style=\"font-family: arial,helvetica,sans-serif; font-size: medium;\">Mantener la calma<\/span><\/li>\n<li><span style=\"font-family: arial,helvetica,sans-serif; font-size: medium;\"><strong>No enojarte<\/strong><\/span><\/li>\n<li><span style=\"font-family: arial,helvetica,sans-serif; font-size: medium;\">Piensa que es por algo bueno <\/span><\/li>\n<li><span style=\"font-family: arial,helvetica,sans-serif; font-size: medium;\"><strong>No verlo<\/strong><\/span><\/li>\n<li><span style=\"font-family: arial,helvetica,sans-serif; font-size: medium;\">No hablarle<\/span><\/li>\n<li><span style=\"font-family: arial,helvetica,sans-serif; font-size: medium;\"><strong>No re\u00edrte<\/strong><\/span><\/li>\n<li><span style=\"font-family: arial,helvetica,sans-serif; font-size: medium;\">No moverte<\/span><\/li>\n<li><span style=\"font-family: arial,helvetica,sans-serif; font-size: medium;\"><strong>No rendirte<\/strong><\/span><\/li>\n<\/ul>\n<p style=\"text-align: justify;\"><span style=\"font-family: arial,helvetica,sans-serif; font-size: medium;\">Muchas personas me escriben y me dicen que ya aplicaron mis t\u00e9cnicas o lo que explico en mis videos de <a title=\"Como Educar A Un Perro\" href=\"http:\/\/miperroeducado.com\" target=\"_blank\" rel=\"noopener\"><strong>Mi Perro Educado<\/strong><\/a> y aun as\u00ed no logran que sus perros los obedezcan, esas personas fallan porque no tienen la actitud y la asertividad necesaria para educar a un perro, son personas que se ponen nerviosas, se enojan y no demuestran autoridad, as\u00ed que el\u00a0<strong><a title=\"cachorros pastor alem\u00e1n en venta\" href=\"http:\/\/cotodelobos.com\/cachorros_pastor_aleman_en_venta.html\" target=\"_blank\" rel=\"noopener\"><strong>Cachorro Pastor Alem\u00e1n<\/strong><\/a><\/strong> o cualquier perro se confunde y piensa que solo se trata de un juego m\u00e1s.<\/span><\/p>\n<p style=\"text-align: justify;\"><span style=\"font-family: arial,helvetica,sans-serif; font-size: medium;\">A manera de ejemplo te pregunto \u00bftu sentir\u00edas respeto hacia un polic\u00eda que al revisar tu auto mientras te pide el carnet se r\u00ede nervioso, da pujiditos y te mira con ojos nerviosos y manos temblorosas? seguro tu respuesta es \u00a1NO! Pero siguiendo con el mismo ejemplo, si el polic\u00eda te habla con voz firme y fuerte se mantiene erguido ante ti con mirada firme en tus ojos con segurida, mientras mantiene colocadas sus manos en la cintura, te aseguro que te inspirara autoridad y respeto.<\/span><\/p>\n<p style=\"text-align: justify;\"><span style=\"font-family: arial,helvetica,sans-serif; font-size: medium;\">Esta actitud es la que deber\u00e1s usar para educar a tu\u00a0<strong><a title=\"cachorros pastor alem\u00e1n en venta\" href=\"http:\/\/cotodelobos.com\/cachorros_pastor_aleman_en_venta.html\" target=\"_blank\" rel=\"noopener\"><strong>Cachorro Pastor Alem\u00e1n<\/strong><\/a><\/strong> en cuestiones como son las faltas de respeto hacia tu autoridad y tus propiedades.<\/span><\/p>\n<p style=\"text-align: justify;\"><span style=\"font-family: arial,helvetica,sans-serif; font-size: medium;\">En otro art\u00edculo te ense\u00f1are como dar afecto a tu <strong>Cachorro Pastor Alem\u00e1n<\/strong> de una manera correcta, porque no todo es disciplina, el juego y el amor tambi\u00e9n forman parte de la educaci\u00f3n y buena relaci\u00f3n con tu <strong>Cachorro Pastor Alem\u00e1n<\/strong>.<\/span><\/p>\n<p style=\"text-align: justify;\"><span style=\"font-family: arial,helvetica,sans-serif; font-size: medium;\">Suerte.<\/span><\/p>\n<p>&nbsp;<\/p>\n<p><span style=\"font-family: arial, helvetica, sans-serif; color: #ff0000;\"><strong>Si el art\u00edculo te gust\u00f3 por favor comp\u00e1rtelo con tus amigos. \u00a1Gracias!<\/strong><\/span><\/p>\n<p>S\u00cdGUEME EN GOOGLE+:\u00a0<a title=\"ruben borja\" href=\"https:\/\/www.google.com\/+RubenBorjaOficial\" target=\"_blank\" rel=\"noopener\"><span style=\"color: #0000ff;\">https:\/\/www.google.com\/+RubenBorjaOficial<\/span><br \/>\n<\/a>S\u00cdGUEME EN TWITTER:<span style=\"color: #0000ff;\">\u00a0<\/span><a title=\"ruben borja\" href=\"http:\/\/twitter.com\/Ruben_Borja\" target=\"_blank\" rel=\"noopener\"><span style=\"color: #0000ff;\">http:\/\/Twitter.com<strong>\/<\/strong>Ruben_Borja<\/span><br \/>\n<\/a>\u00a1LIKE EN FACEBOOK!: <span style=\"color: #0000ff;\"><a style=\"color: #0000ff;\" href=\"https:\/\/facebook.com\/CotoDeLobosOficial\/\" target=\"_blank\" rel=\"noopener\">https:\/\/facebook.com\/CotoDeLobosOficial\/<\/a><\/span><a title=\"ruben borja\" href=\"http:\/\/on.fb.me\/rubenborja\" target=\"_blank\" rel=\"noopener\"><br \/>\n<\/a>CANAL DE YOUTUBE:\u00a0<span style=\"color: #0000ff;\"><a style=\"color: #0000ff;\" title=\" onclick =\" href=\"http:\/\/www.youtube.com\/user\/CotoDeLobos\" target=\"_blank\" rel=\"noopener\">http:\/youtube.com<\/a><strong><a style=\"color: #0000ff;\" title=\" onclick =\" href=\"http:\/\/www.youtube.com\/user\/CotoDeLobos\" target=\"_blank\" rel=\"noopener\">\/<\/a><\/strong><a style=\"color: #0000ff;\" title=\" onclick =\" href=\"http:\/\/www.youtube.com\/user\/CotoDeLobos\" target=\"_blank\" rel=\"noopener\">user\/CotoDeLobos<\/a><\/span><a title=\"youtube de mi perro educado\" href=\"http:\/\/www.youtube.com\/user\/MiPerroEducado\" target=\"_blank\" rel=\"noopener\"><br \/>\n<\/a>OTRO DE MIS BLOGS:\u00a0<a title=\"como educar perros\" href=\"http:\/\/miperroeducado.com\/\" target=\"_blank\" rel=\"noopener\"><span style=\"color: #0000ff;\">http:\/\/MiPerroEducado.com<\/span><br \/>\n<\/a>HAZME LA PREGUNTA QUE QUIERAS:\u00a0<span style=\"color: #0000ff;\"><a style=\"color: #0000ff;\" title=\" onclick =\" href=\"http:\/\/ask.fm\/RubenBorjaM\" target=\"_blank\" rel=\"noopener\">http:\/\/ask.fm\/RubenBorjaM<\/a><\/span><\/p>\n<p><a href=\"https:\/\/cotodelobos.com\/blog\/wp-content\/uploads\/2011\/02\/envio-de-comentarios2.jpg\"><img loading=\"lazy\" decoding=\"async\" loading=\"lazy\" class=\"aligncenter size-full wp-image-1415\" src=\"https:\/\/cotodelobos.com\/blog\/wp-content\/uploads\/2011\/02\/envio-de-comentarios2.jpg\" alt=\"envio-de-comentarios2\" width=\"492\" height=\"118\"  title=\"Mi Perro Se Me Echa Encima\" srcset=\"https:\/\/cotodelobos.com\/blog\/wp-content\/uploads\/2011\/02\/envio-de-comentarios2.jpg 492w, https:\/\/cotodelobos.com\/blog\/wp-content\/uploads\/2011\/02\/envio-de-comentarios2-300x71.jpg 300w\" sizes=\"auto, (max-width: 492px) 100vw, 492px\" \/><\/a><\/p>\n<p style=\"text-align: justify;\">\n","protected":false},"excerpt":{"rendered":"<p>Mi Cachorro Pastor Alem\u00e1n Se Me Echa Encima Primeramente te env\u00edo saludos y agradezco a todas las personas que me escriben envi\u00e1ndome sus preguntas y comentarios y precisamente es por la pregunta \u201cMi Perro Se Me Echa Encima\u201d que recibo muy frecuentemente que decid\u00ed en este art\u00edculo explicarte de manera breve por qu\u00e9 tu Cachorro Pastor Alem\u00e1n se te Echa Encima y te Muerde.<\/p>\n","protected":false},"author":1,"featured_media":1158,"comment_status":"open","ping_status":"open","sticky":false,"template":"","format":"standard","meta":{"nf_dc_page":"","footnotes":""},"categories":[14,56,5,7,11],"tags":[17,98,97],"class_list":["post-1157","post","type-post","status-publish","format-standard","has-post-thumbnail","hentry","category-cachorros-coto-de-lobos","category-cachorros-2","category-coto-de-lobos","category-educacion","category-tips-para-comenzar","tag-cachorro-pastor-aleman","tag-eduacion","tag-etologia"],"yoast_head":"<!-- This site is optimized with the Yoast SEO plugin v28.3 - https:\/\/yoast.com\/product\/yoast-seo-wordpress\/ -->\n<title>Mi Perro Se Me Echa Encima - Coto de Lobos<\/title>\n<meta name=\"robots\" content=\"index, follow, max-snippet:-1, max-image-preview:large, max-video-preview:-1\" \/>\n<link rel=\"canonical\" href=\"https:\/\/cotodelobos.com\/blog\/mi-perro-se-echa-encima\/\" \/>\n<meta property=\"og:locale\" content=\"es_ES\" \/>\n<meta property=\"og:type\" content=\"article\" \/>\n<meta property=\"og:title\" content=\"Mi Perro Se Me Echa Encima - Coto de Lobos\" \/>\n<meta property=\"og:description\" content=\"Mi Cachorro Pastor Alem\u00e1n Se Me Echa Encima Primeramente te env\u00edo saludos y agradezco a todas las personas que me escriben envi\u00e1ndome sus preguntas y comentarios y precisamente es por la pregunta \u201cMi Perro Se Me Echa Encima\u201d que recibo muy frecuentemente que decid\u00ed en este art\u00edculo explicarte de manera breve por qu\u00e9 tu Cachorro Pastor Alem\u00e1n se te Echa Encima y te Muerde.\" \/>\n<meta property=\"og:url\" content=\"https:\/\/cotodelobos.com\/blog\/mi-perro-se-echa-encima\/\" \/>\n<meta property=\"og:site_name\" content=\"Coto de Lobos\" \/>\n<meta property=\"article:publisher\" content=\"https:\/\/www.facebook.com\/CotoDeLobosOficial\" \/>\n<meta property=\"article:published_time\" content=\"2012-06-01T17:10:40+00:00\" \/>\n<meta property=\"article:modified_time\" content=\"2018-06-19T17:35:02+00:00\" \/>\n<meta property=\"og:image\" content=\"https:\/\/cotodelobos.com\/blog\/wp-content\/uploads\/2012\/06\/mi-perro-se-me-echa-encima.jpg\" \/>\n\t<meta property=\"og:image:width\" content=\"1\" \/>\n\t<meta property=\"og:image:height\" content=\"1\" \/>\n\t<meta property=\"og:image:type\" content=\"image\/jpeg\" \/>\n<meta name=\"author\" content=\"Rub\u00e9n Borja\" \/>\n<meta name=\"twitter:card\" content=\"summary_large_image\" \/>\n<meta name=\"twitter:creator\" content=\"@arbo\" \/>\n<meta name=\"twitter:label1\" content=\"Escrito por\" \/>\n\t<meta name=\"twitter:data1\" content=\"Rub\u00e9n Borja\" \/>\n\t<meta name=\"twitter:label2\" content=\"Tiempo de lectura\" \/>\n\t<meta name=\"twitter:data2\" content=\"6 minutos\" \/>\n<script type=\"application\/ld+json\" class=\"yoast-schema-graph\">{\"@context\":\"https:\\\/\\\/schema.org\",\"@graph\":[{\"@type\":\"Article\",\"@id\":\"https:\\\/\\\/cotodelobos.com\\\/blog\\\/mi-perro-se-echa-encima\\\/#article\",\"isPartOf\":{\"@id\":\"https:\\\/\\\/cotodelobos.com\\\/blog\\\/mi-perro-se-echa-encima\\\/\"},\"author\":{\"name\":\"Rub\u00e9n Borja\",\"@id\":\"https:\\\/\\\/cotodelobos.com\\\/blog\\\/#\\\/schema\\\/person\\\/e794c5c7281382f93c46e84e56ded0a6\"},\"headline\":\"Mi Perro Se Me Echa Encima\",\"datePublished\":\"2012-06-01T17:10:40+00:00\",\"dateModified\":\"2018-06-19T17:35:02+00:00\",\"mainEntityOfPage\":{\"@id\":\"https:\\\/\\\/cotodelobos.com\\\/blog\\\/mi-perro-se-echa-encima\\\/\"},\"wordCount\":1130,\"commentCount\":59,\"publisher\":{\"@id\":\"https:\\\/\\\/cotodelobos.com\\\/blog\\\/#organization\"},\"image\":{\"@id\":\"https:\\\/\\\/cotodelobos.com\\\/blog\\\/mi-perro-se-echa-encima\\\/#primaryimage\"},\"thumbnailUrl\":\"https:\\\/\\\/cotodelobos.com\\\/blog\\\/wp-content\\\/uploads\\\/2012\\\/06\\\/mi-perro-se-me-echa-encima.jpg\",\"keywords\":[\"Cachorro Pastor Aleman\",\"eduaci\u00f3n\",\"etologia\"],\"articleSection\":[\"Cachorros\",\"Cachorros\",\"Coto de Lobos\",\"Educacion\",\"Tips Para Comenzar\"],\"inLanguage\":\"es\",\"potentialAction\":[{\"@type\":\"CommentAction\",\"name\":\"Comment\",\"target\":[\"https:\\\/\\\/cotodelobos.com\\\/blog\\\/mi-perro-se-echa-encima\\\/#respond\"]}]},{\"@type\":\"WebPage\",\"@id\":\"https:\\\/\\\/cotodelobos.com\\\/blog\\\/mi-perro-se-echa-encima\\\/\",\"url\":\"https:\\\/\\\/cotodelobos.com\\\/blog\\\/mi-perro-se-echa-encima\\\/\",\"name\":\"Mi Perro Se Me Echa Encima - Coto de Lobos\",\"isPartOf\":{\"@id\":\"https:\\\/\\\/cotodelobos.com\\\/blog\\\/#website\"},\"primaryImageOfPage\":{\"@id\":\"https:\\\/\\\/cotodelobos.com\\\/blog\\\/mi-perro-se-echa-encima\\\/#primaryimage\"},\"image\":{\"@id\":\"https:\\\/\\\/cotodelobos.com\\\/blog\\\/mi-perro-se-echa-encima\\\/#primaryimage\"},\"thumbnailUrl\":\"https:\\\/\\\/cotodelobos.com\\\/blog\\\/wp-content\\\/uploads\\\/2012\\\/06\\\/mi-perro-se-me-echa-encima.jpg\",\"datePublished\":\"2012-06-01T17:10:40+00:00\",\"dateModified\":\"2018-06-19T17:35:02+00:00\",\"breadcrumb\":{\"@id\":\"https:\\\/\\\/cotodelobos.com\\\/blog\\\/mi-perro-se-echa-encima\\\/#breadcrumb\"},\"inLanguage\":\"es\",\"potentialAction\":[{\"@type\":\"ReadAction\",\"target\":[\"https:\\\/\\\/cotodelobos.com\\\/blog\\\/mi-perro-se-echa-encima\\\/\"]}]},{\"@type\":\"ImageObject\",\"inLanguage\":\"es\",\"@id\":\"https:\\\/\\\/cotodelobos.com\\\/blog\\\/mi-perro-se-echa-encima\\\/#primaryimage\",\"url\":\"https:\\\/\\\/cotodelobos.com\\\/blog\\\/wp-content\\\/uploads\\\/2012\\\/06\\\/mi-perro-se-me-echa-encima.jpg\",\"contentUrl\":\"https:\\\/\\\/cotodelobos.com\\\/blog\\\/wp-content\\\/uploads\\\/2012\\\/06\\\/mi-perro-se-me-echa-encima.jpg\",\"caption\":\"mi perro se me echa encima\"},{\"@type\":\"BreadcrumbList\",\"@id\":\"https:\\\/\\\/cotodelobos.com\\\/blog\\\/mi-perro-se-echa-encima\\\/#breadcrumb\",\"itemListElement\":[{\"@type\":\"ListItem\",\"position\":1,\"name\":\"Portada\",\"item\":\"https:\\\/\\\/cotodelobos.com\\\/blog\\\/\"},{\"@type\":\"ListItem\",\"position\":2,\"name\":\"Mi Perro Se Me Echa Encima\"}]},{\"@type\":\"WebSite\",\"@id\":\"https:\\\/\\\/cotodelobos.com\\\/blog\\\/#website\",\"url\":\"https:\\\/\\\/cotodelobos.com\\\/blog\\\/\",\"name\":\"Coto de Lobos\",\"description\":\"Cria Natural del Pastor Alem\u00e1n SV\",\"publisher\":{\"@id\":\"https:\\\/\\\/cotodelobos.com\\\/blog\\\/#organization\"},\"potentialAction\":[{\"@type\":\"SearchAction\",\"target\":{\"@type\":\"EntryPoint\",\"urlTemplate\":\"https:\\\/\\\/cotodelobos.com\\\/blog\\\/?s={search_term_string}\"},\"query-input\":{\"@type\":\"PropertyValueSpecification\",\"valueRequired\":true,\"valueName\":\"search_term_string\"}}],\"inLanguage\":\"es\"},{\"@type\":\"Organization\",\"@id\":\"https:\\\/\\\/cotodelobos.com\\\/blog\\\/#organization\",\"name\":\"Coto de Lobos\",\"url\":\"https:\\\/\\\/cotodelobos.com\\\/blog\\\/\",\"logo\":{\"@type\":\"ImageObject\",\"inLanguage\":\"es\",\"@id\":\"https:\\\/\\\/cotodelobos.com\\\/blog\\\/#\\\/schema\\\/logo\\\/image\\\/\",\"url\":\"https:\\\/\\\/cotodelobos.com\\\/blog\\\/wp-content\\\/uploads\\\/2026\\\/06\\\/logotipo-2026-PNG.png\",\"contentUrl\":\"https:\\\/\\\/cotodelobos.com\\\/blog\\\/wp-content\\\/uploads\\\/2026\\\/06\\\/logotipo-2026-PNG.png\",\"width\":940,\"height\":788,\"caption\":\"Coto de Lobos\"},\"image\":{\"@id\":\"https:\\\/\\\/cotodelobos.com\\\/blog\\\/#\\\/schema\\\/logo\\\/image\\\/\"},\"sameAs\":[\"https:\\\/\\\/www.facebook.com\\\/CotoDeLobosOficial\",\"https:\\\/\\\/www.youtube.com\\\/@CotoDeLobos\",\"https:\\\/\\\/www.instagram.com\\\/cotodelobos\\\/\"]},{\"@type\":\"Person\",\"@id\":\"https:\\\/\\\/cotodelobos.com\\\/blog\\\/#\\\/schema\\\/person\\\/e794c5c7281382f93c46e84e56ded0a6\",\"name\":\"Rub\u00e9n Borja\",\"sameAs\":[\"https:\\\/\\\/x.com\\\/arbo\"],\"url\":\"https:\\\/\\\/cotodelobos.com\\\/blog\\\/author\\\/arbo\\\/\"}]}<\/script>\n<!-- \/ Yoast SEO plugin. -->","yoast_head_json":{"title":"Mi Perro Se Me Echa Encima - Coto de Lobos","robots":{"index":"index","follow":"follow","max-snippet":"max-snippet:-1","max-image-preview":"max-image-preview:large","max-video-preview":"max-video-preview:-1"},"canonical":"https:\/\/cotodelobos.com\/blog\/mi-perro-se-echa-encima\/","og_locale":"es_ES","og_type":"article","og_title":"Mi Perro Se Me Echa Encima - Coto de Lobos","og_description":"Mi Cachorro Pastor Alem\u00e1n Se Me Echa Encima Primeramente te env\u00edo saludos y agradezco a todas las personas que me escriben envi\u00e1ndome sus preguntas y comentarios y precisamente es por la pregunta \u201cMi Perro Se Me Echa Encima\u201d que recibo muy frecuentemente que decid\u00ed en este art\u00edculo explicarte de manera breve por qu\u00e9 tu Cachorro Pastor Alem\u00e1n se te Echa Encima y te Muerde.","og_url":"https:\/\/cotodelobos.com\/blog\/mi-perro-se-echa-encima\/","og_site_name":"Coto de Lobos","article_publisher":"https:\/\/www.facebook.com\/CotoDeLobosOficial","article_published_time":"2012-06-01T17:10:40+00:00","article_modified_time":"2018-06-19T17:35:02+00:00","og_image":[{"url":"https:\/\/cotodelobos.com\/blog\/wp-content\/uploads\/2012\/06\/mi-perro-se-me-echa-encima.jpg","width":1,"height":1,"type":"image\/jpeg"}],"author":"Rub\u00e9n Borja","twitter_card":"summary_large_image","twitter_creator":"@arbo","twitter_misc":{"Escrito por":"Rub\u00e9n Borja","Tiempo de lectura":"6 minutos"},"schema":{"@context":"https:\/\/schema.org","@graph":[{"@type":"Article","@id":"https:\/\/cotodelobos.com\/blog\/mi-perro-se-echa-encima\/#article","isPartOf":{"@id":"https:\/\/cotodelobos.com\/blog\/mi-perro-se-echa-encima\/"},"author":{"name":"Rub\u00e9n Borja","@id":"https:\/\/cotodelobos.com\/blog\/#\/schema\/person\/e794c5c7281382f93c46e84e56ded0a6"},"headline":"Mi Perro Se Me Echa Encima","datePublished":"2012-06-01T17:10:40+00:00","dateModified":"2018-06-19T17:35:02+00:00","mainEntityOfPage":{"@id":"https:\/\/cotodelobos.com\/blog\/mi-perro-se-echa-encima\/"},"wordCount":1130,"commentCount":59,"publisher":{"@id":"https:\/\/cotodelobos.com\/blog\/#organization"},"image":{"@id":"https:\/\/cotodelobos.com\/blog\/mi-perro-se-echa-encima\/#primaryimage"},"thumbnailUrl":"https:\/\/cotodelobos.com\/blog\/wp-content\/uploads\/2012\/06\/mi-perro-se-me-echa-encima.jpg","keywords":["Cachorro Pastor Aleman","eduaci\u00f3n","etologia"],"articleSection":["Cachorros","Cachorros","Coto de Lobos","Educacion","Tips Para Comenzar"],"inLanguage":"es","potentialAction":[{"@type":"CommentAction","name":"Comment","target":["https:\/\/cotodelobos.com\/blog\/mi-perro-se-echa-encima\/#respond"]}]},{"@type":"WebPage","@id":"https:\/\/cotodelobos.com\/blog\/mi-perro-se-echa-encima\/","url":"https:\/\/cotodelobos.com\/blog\/mi-perro-se-echa-encima\/","name":"Mi Perro Se Me Echa Encima - Coto de Lobos","isPartOf":{"@id":"https:\/\/cotodelobos.com\/blog\/#website"},"primaryImageOfPage":{"@id":"https:\/\/cotodelobos.com\/blog\/mi-perro-se-echa-encima\/#primaryimage"},"image":{"@id":"https:\/\/cotodelobos.com\/blog\/mi-perro-se-echa-encima\/#primaryimage"},"thumbnailUrl":"https:\/\/cotodelobos.com\/blog\/wp-content\/uploads\/2012\/06\/mi-perro-se-me-echa-encima.jpg","datePublished":"2012-06-01T17:10:40+00:00","dateModified":"2018-06-19T17:35:02+00:00","breadcrumb":{"@id":"https:\/\/cotodelobos.com\/blog\/mi-perro-se-echa-encima\/#breadcrumb"},"inLanguage":"es","potentialAction":[{"@type":"ReadAction","target":["https:\/\/cotodelobos.com\/blog\/mi-perro-se-echa-encima\/"]}]},{"@type":"ImageObject","inLanguage":"es","@id":"https:\/\/cotodelobos.com\/blog\/mi-perro-se-echa-encima\/#primaryimage","url":"https:\/\/cotodelobos.com\/blog\/wp-content\/uploads\/2012\/06\/mi-perro-se-me-echa-encima.jpg","contentUrl":"https:\/\/cotodelobos.com\/blog\/wp-content\/uploads\/2012\/06\/mi-perro-se-me-echa-encima.jpg","caption":"mi perro se me echa encima"},{"@type":"BreadcrumbList","@id":"https:\/\/cotodelobos.com\/blog\/mi-perro-se-echa-encima\/#breadcrumb","itemListElement":[{"@type":"ListItem","position":1,"name":"Portada","item":"https:\/\/cotodelobos.com\/blog\/"},{"@type":"ListItem","position":2,"name":"Mi Perro Se Me Echa Encima"}]},{"@type":"WebSite","@id":"https:\/\/cotodelobos.com\/blog\/#website","url":"https:\/\/cotodelobos.com\/blog\/","name":"Coto de Lobos","description":"Cria Natural del Pastor Alem\u00e1n SV","publisher":{"@id":"https:\/\/cotodelobos.com\/blog\/#organization"},"potentialAction":[{"@type":"SearchAction","target":{"@type":"EntryPoint","urlTemplate":"https:\/\/cotodelobos.com\/blog\/?s={search_term_string}"},"query-input":{"@type":"PropertyValueSpecification","valueRequired":true,"valueName":"search_term_string"}}],"inLanguage":"es"},{"@type":"Organization","@id":"https:\/\/cotodelobos.com\/blog\/#organization","name":"Coto de Lobos","url":"https:\/\/cotodelobos.com\/blog\/","logo":{"@type":"ImageObject","inLanguage":"es","@id":"https:\/\/cotodelobos.com\/blog\/#\/schema\/logo\/image\/","url":"https:\/\/cotodelobos.com\/blog\/wp-content\/uploads\/2026\/06\/logotipo-2026-PNG.png","contentUrl":"https:\/\/cotodelobos.com\/blog\/wp-content\/uploads\/2026\/06\/logotipo-2026-PNG.png","width":940,"height":788,"caption":"Coto de Lobos"},"image":{"@id":"https:\/\/cotodelobos.com\/blog\/#\/schema\/logo\/image\/"},"sameAs":["https:\/\/www.facebook.com\/CotoDeLobosOficial","https:\/\/www.youtube.com\/@CotoDeLobos","https:\/\/www.instagram.com\/cotodelobos\/"]},{"@type":"Person","@id":"https:\/\/cotodelobos.com\/blog\/#\/schema\/person\/e794c5c7281382f93c46e84e56ded0a6","name":"Rub\u00e9n Borja","sameAs":["https:\/\/x.com\/arbo"],"url":"https:\/\/cotodelobos.com\/blog\/author\/arbo\/"}]}},"_links":{"self":[{"href":"https:\/\/cotodelobos.com\/blog\/wp-json\/wp\/v2\/posts\/1157","targetHints":{"allow":["GET"]}}],"collection":[{"href":"https:\/\/cotodelobos.com\/blog\/wp-json\/wp\/v2\/posts"}],"about":[{"href":"https:\/\/cotodelobos.com\/blog\/wp-json\/wp\/v2\/types\/post"}],"author":[{"embeddable":true,"href":"https:\/\/cotodelobos.com\/blog\/wp-json\/wp\/v2\/users\/1"}],"replies":[{"embeddable":true,"href":"https:\/\/cotodelobos.com\/blog\/wp-json\/wp\/v2\/comments?post=1157"}],"version-history":[{"count":23,"href":"https:\/\/cotodelobos.com\/blog\/wp-json\/wp\/v2\/posts\/1157\/revisions"}],"predecessor-version":[{"id":3104,"href":"https:\/\/cotodelobos.com\/blog\/wp-json\/wp\/v2\/posts\/1157\/revisions\/3104"}],"wp:featuredmedia":[{"embeddable":true,"href":"https:\/\/cotodelobos.com\/blog\/wp-json\/wp\/v2\/media\/1158"}],"wp:attachment":[{"href":"https:\/\/cotodelobos.com\/blog\/wp-json\/wp\/v2\/media?parent=1157"}],"wp:term":[{"taxonomy":"category","embeddable":true,"href":"https:\/\/cotodelobos.com\/blog\/wp-json\/wp\/v2\/categories?post=1157"},{"taxonomy":"post_tag","embeddable":true,"href":"https:\/\/cotodelobos.com\/blog\/wp-json\/wp\/v2\/tags?post=1157"}],"curies":[{"name":"wp","href":"https:\/\/api.w.org\/{rel}","templated":true}]}}