{"id":1035,"date":"2012-02-22T15:53:14","date_gmt":"2012-02-22T21:53:14","guid":{"rendered":"https:\/\/cotodelobos.com\/blog\/?p=1035"},"modified":"2018-06-19T11:42:11","modified_gmt":"2018-06-19T17:42:11","slug":"max-von-stephanitz","status":"publish","type":"post","link":"https:\/\/cotodelobos.com\/blog\/max-von-stephanitz\/","title":{"rendered":"Principios De Cria Por Max von Stephanitz"},"content":{"rendered":"<h1 style=\"text-align: left;\"><span style=\"font-family: arial,helvetica,sans-serif; font-size: large;\"><big>Principios y directivas dadas por Max von Stephanitz para la cr\u00eda del Pastor Alem\u00e1n<\/big><\/span><\/h1>\n<h1 style=\"text-align: left;\"><\/h1>\n<h1 style=\"text-align: left;\"><span style=\"font-family: arial,helvetica,sans-serif; font-size: large;\"><big><img loading=\"lazy\" decoding=\"async\" loading=\"lazy\" class=\"alignleft size-full wp-image-1037\" title=\" Max von Stephanitz\" src=\"https:\/\/cotodelobos.com\/blog\/wp-content\/uploads\/2012\/02\/vonstephanitz.jpg\" alt=\" Max von Stephanitz\" width=\"205\" height=\"308\" srcset=\"https:\/\/cotodelobos.com\/blog\/wp-content\/uploads\/2012\/02\/vonstephanitz.jpg 205w, https:\/\/cotodelobos.com\/blog\/wp-content\/uploads\/2012\/02\/vonstephanitz-199x300.jpg 199w\" sizes=\"auto, (max-width: 205px) 100vw, 205px\" \/><\/big><\/span><\/h1>\n<p style=\"text-align: justify;\"><span style=\"font-family: arial,helvetica,sans-serif; font-size: medium;\"><strong><big><\/big><big>1) <\/big><\/strong>Con frecuencia se presentan principiantes con el pedido que se les suministre una &#8220;pareja de <strong>cachorros pastor alem\u00e1n<\/strong>&#8220;, para que m\u00e1s tarde, puedan &#8220;criar&#8221; con ellos.<\/span><!--more--><\/p>\n<p style=\"text-align: justify;\"><span style=\"font-family: arial,helvetica,sans-serif; font-size: medium;\">Proceder en esta forma no ser\u00eda &#8220;criar&#8221; sino simplemente &#8220;aparear&#8221; para obtener perros j\u00f3venes, ya que a los cachorros no se les puede notar que defectos som\u00e1ticos, o de otra \u00edndole, van a tener una vez terminado su desarrollo al hallarse a los dos a\u00f1os aptos para la reproducci\u00f3n.<\/span><\/p>\n<p style=\"text-align: justify;\"><span style=\"font-family: arial,helvetica,sans-serif; font-size: medium;\">Y es el caso que no poseemos siempre <strong>perros pastor alem\u00e1n<\/strong> perfectos.<\/span><\/p>\n<p style=\"text-align: justify;\"><span style=\"font-family: arial,helvetica,sans-serif; font-size: medium;\">Y muchas veces la consecuencia posterior es que, con estos animales fracasados, se contin\u00fae criando.<\/span><\/p>\n<p style=\"text-align: justify;\"><span style=\"font-family: arial,helvetica,sans-serif; font-size: medium;\"><strong><big><\/big><big>2) <\/big><\/strong>La cr\u00eda de un perro pastor alem\u00e1n, es la cr\u00eda de un perro de utilidad y debe conservar siempre su car\u00e1cter de tal, pues de lo contrario ya no es cr\u00eda de <strong>perro pastor alem\u00e1n.<\/strong><\/span><\/p>\n<p style=\"text-align: justify;\"><span style=\"font-family: arial,helvetica,sans-serif; font-size: medium;\">Lo que necesitamos y queremos son perros duros, bravos y capaces.<\/span><\/p>\n<p style=\"text-align: justify;\"><span style=\"font-family: arial,helvetica,sans-serif; font-size: medium;\"><strong><big><\/big><big>3) <\/big><\/strong>Cr\u00eda en masa y de criadero son la perdici\u00f3n para la cr\u00eda sana de <strong>perros pastor alem\u00e1n<\/strong>; estos no pueden ser mantenidos ni mucho menos criados en jaulas: pues se volver\u00edan ariscos y se echar\u00edan a perder.<\/span><\/p>\n<p style=\"text-align: justify;\"><span style=\"font-family: arial,helvetica,sans-serif; font-size: medium;\">La cr\u00eda en masa, al cabo de cierto tiempo, siempre se torna en una maldici\u00f3n para el criador porque lo lleva por caminos err\u00f3neos.<\/span><\/p>\n<p style=\"text-align: justify;\"><span style=\"font-family: arial,helvetica,sans-serif; font-size: medium;\"><strong><big><\/big><big>4) <\/big><\/strong>La cr\u00eda del <strong>perro pastor alem\u00e1n<\/strong> debe ser una &#8220;cr\u00eda de aficionados&#8221; y no puede ni debe ser practicada, como la cr\u00eda de otros animales de abasto o en forma de negocio ni como medio de procurarse el sustento.<\/span><\/p>\n<p style=\"text-align: justify;\"><span style=\"font-family: arial,helvetica,sans-serif; font-size: medium;\"><strong><big><\/big><big>5)<\/big><\/strong> Al principiante le falta todav\u00eda el mejor consejero, o sea la propia experiencia; para adquirirla m\u00e1s de un viejo criador ha tenido que pagar costoso y amargo tributo.<\/span><\/p>\n<p style=\"text-align: justify;\"><span style=\"font-family: arial,helvetica,sans-serif; font-size: medium;\">Por eso, el principiante ante todo deber\u00eda escuchar las advertencias sobre cr\u00eda en masa, en criaderos, etc&#8230;, que aqu\u00ed se enuncian, ya que tienden a preservarlo de da\u00f1o, tanto a \u00e9l como a nuestro <strong>perro pastor alem\u00e1n<\/strong>.<\/span><\/p>\n<p style=\"text-align: justify;\"><span style=\"font-family: arial,helvetica,sans-serif; font-size: medium;\"><strong><big><\/big><big>6)<\/big><\/strong> Para la cr\u00eda tiene gran importancia sobre todo la sangre de la tercera y cuarta generaci\u00f3n, o sea la sangre de los\u00a0bisabuelos y tatarabuelos.<\/span><\/p>\n<p style=\"text-align: justify;\"><span style=\"font-family: arial,helvetica,sans-serif; font-size: medium;\">Asimismo, la justa combinaci\u00f3n y complementaci\u00f3n de las diferentes l\u00edneas sangu\u00edneas.<\/span><\/p>\n<p style=\"text-align: justify;\"><span style=\"font-family: arial,helvetica,sans-serif; font-size: medium;\"><strong><big><\/big><big>7)<\/big><\/strong> Hasta que se haya adquirido una idea clara sobre estas cosas, es conveniente para el principiante pedir el consejo m\u00e1s seguro de viejos criadores (expertos y de confianza). <\/span><\/p>\n<p style=\"text-align: justify;\"><span style=\"font-family: arial,helvetica,sans-serif; font-size: medium;\">Todo principiante debe aprovechar todas las oportunidades que se le brinden para ejercitar su ojo, y no solamente con perros, sino con todos los animales, sin distinci\u00f3n.<\/span><\/p>\n<p><span style=\"font-family: arial,helvetica,sans-serif; font-size: medium;\"><span style=\"font-size: x-large;\"><strong>8)<\/strong><\/span> La cr\u00eda s\u00f3lo puede dar las &#8220;disposiciones&#8221; para un buen cuerpo y un buen rendimiento; el cuerpo perfecto lo puede desarrollar una alimentaci\u00f3n adecuada y natural; y la m\u00e1xima utilidad en el trabajo la garantiza el adiestramiento acertado.<\/span><\/p>\n<p style=\"text-align: justify;\"><span style=\"font-family: arial,helvetica,sans-serif; font-size: medium;\">Cuando una de estas condiciones falta no se puede hacer un reproche, m\u00e1s tarde, ni al criador ni a los padres del animal.<\/span><\/p>\n<p style=\"text-align: justify;\"><span style=\"font-family: arial,helvetica,sans-serif; font-size: medium;\"><strong><big><\/big><big>9) <\/big><\/strong>Los da\u00f1os por criar entre animales consangu\u00edneos y con taras reproductivas, no se ponen de manifiesto en las especies que viven en libertad.<\/span><\/p>\n<p style=\"text-align: justify;\"><span style=\"font-family: arial,helvetica,sans-serif; font-size: medium;\">Por el contrario, aparecen solo en aquellos casos en que las condiciones naturales de vida son alteradas\u00a0radicalmente\u00a0por la injerencia humana, es decir, en el animal salvaje enjaulado.<\/span><\/p>\n<p style=\"text-align: justify;\"><span style=\"font-family: arial,helvetica,sans-serif; font-size: medium;\">Lo que destruye al <strong>Pastor Alem\u00e1n<\/strong> es\u00a0una alimentaci\u00f3n antinatural que es la causa de muchos reveses amargos en la cr\u00eda de animales; lo mismo sucede cuando los perros son criados en un ambiente que no corresponde al natural; la cr\u00eda bajo condiciones inadecuadas que no favorecen el desarrollo del cuerpo y de la inteligencia, la alimentaci\u00f3n err\u00f3nea y la inclusi\u00f3n de reproductores enfermos y d\u00e9biles\u00a0en la cr\u00eda.<\/span><\/p>\n<p style=\"text-align: justify;\"><span style=\"font-family: arial,helvetica,sans-serif; font-size: medium;\">Todos estos factores representan otros tantos golpes de martillo en la conciencia de criadores indiferentes o desde\u00f1osos de la suerte y el futuro de la <strong>raza pastor alem\u00e1n<\/strong>.<\/span><\/p>\n<p style=\"text-align: justify;\"><span style=\"font-family: arial,helvetica,sans-serif; font-size: medium;\"><strong><big><\/big><big>10)<\/big><\/strong> La cr\u00eda entre lineas consangu\u00edneas bien calculada no conduce a deformaciones del est\u00e1ndar de la raza sino a la fijaci\u00f3n de las caracter\u00edsticas de utilidades funcionales f\u00edsicas y mentales.<\/span><\/p>\n<p style=\"text-align: justify;\"><span style=\"font-family: arial,helvetica,sans-serif; font-size: medium;\">Lo que si da\u00f1a al <strong>perro pastor alem\u00e1n<\/strong> es la cr\u00eda con perros de criadero, ya que estos perros\u00a0en lugar de salir afuera a trabajar y ser activos mental y corporalmente, son explotados comercialmente,\u00a0degenerando sus caracter\u00edsticas al vivir\u00a0encerrados en jaulas, con el \u00fanico fin de\u00a0 dar honores imaginarios y dinero a sus propietarios, los mismos que se tildan de ser &#8221; propulsores&#8221; de la raza.<\/span><\/p>\n<p style=\"text-align: justify;\"><span style=\"font-family: arial,helvetica,sans-serif; font-size: medium;\"><strong><big><\/big><big>11)<\/big><\/strong> A los mejores resultados lleva, seg\u00fan el conde Lehndorff, la cr\u00eda entre lineas consangu\u00edneas cuyos antepasados comunes pertenecen solo a la cuarta generaci\u00f3n , o sea los tatarabuelos.<\/span><\/p>\n<p style=\"text-align: justify;\"><span style=\"font-family: arial,helvetica,sans-serif; font-size: medium;\"><strong><big><\/big><big>12)<\/big><\/strong> El valor como reproductor no se sabe viendo al animal, sino que puede ser establecido \u00fanicamente por la calidad de su descendencia adulta, pero la tabla geneal\u00f3gica y el an\u00e1lis de lineas puede ayudar a aclarar las ideas cuando los antepasados son\u00a0conocidos reproductores que ya han manifestado\u00a0su calidad en cuanto a sus caracteres som\u00e1ticos, su rendimiento y su prepotencia en la descendencia.<\/span><\/p>\n<p style=\"text-align: center;\">\u00a0<a href=\"https:\/\/cotodelobos.com\/blog\/wp-content\/uploads\/2012\/02\/vonstephanitz-2.jpg\"><img loading=\"lazy\" decoding=\"async\" loading=\"lazy\" class=\"aligncenter size-full wp-image-1036\" title=\"vonstephanitz-2\" src=\"https:\/\/cotodelobos.com\/blog\/wp-content\/uploads\/2012\/02\/vonstephanitz-2.jpg\" alt=\"pastor alem\u00e1n\" width=\"205\" height=\"27\" \/><\/a><\/p>\n<p style=\"text-align: center;\"><strong><em><span style=\"font-family: times new roman,times; font-size: large; color: #333399;\"><small>Capit\u00e1n. Max von Stephanitz<\/small><\/span><\/em><\/strong><\/p>\n<p style=\"text-align: center;\"><span style=\"font-size: medium;\"><strong><span style=\"font-family: tahoma,arial,helvetica,sans-serif; color: #000000;\"><small>Padre de la Raza Canina Del Perro Pastor Alem\u00e1n<img loading=\"lazy\" decoding=\"async\" loading=\"lazy\" class=\"aligncenter size-full wp-image-2092\" src=\"https:\/\/cotodelobos.com\/blog\/wp-content\/uploads\/2012\/02\/Coto-de-Lobos-Retro-e1420932065922.jpg\" alt=\"Capit\u00e1n. Max von Stephanitz\" width=\"550\" height=\"204\"  title=\"Principios De Cria Por Max von Stephanitz\" \/><\/small><\/span><\/strong><\/span><\/p>\n<p>&nbsp;<\/p>\n<p><span style=\"font-family: arial, helvetica, sans-serif; color: #ff0000;\"><strong>Si el art\u00edculo te gust\u00f3 por favor comp\u00e1rtelo con tus amigos. \u00a1Gracias!<\/strong><\/span><\/p>\n<p>S\u00cdGUEME EN GOOGLE+:\u00a0<a title=\"ruben borja\" href=\"https:\/\/www.google.com\/+RubenBorjaOficial\" target=\"_blank\" rel=\"noopener\"><span style=\"color: #0000ff;\">https:\/\/www.google.com\/+RubenBorjaOficial<\/span><br \/>\n<\/a>S\u00cdGUEME EN TWITTER:<span style=\"color: #0000ff;\">\u00a0<\/span><a title=\"ruben borja\" href=\"http:\/\/twitter.com\/Ruben_Borja\" target=\"_blank\" rel=\"noopener\"><span style=\"color: #0000ff;\">http:\/\/Twitter.com<strong>\/<\/strong>Ruben_Borja<\/span><br \/>\n<\/a>\u00a1LIKE EN FACEBOOK!: <span style=\"color: #0000ff;\"><a style=\"color: #0000ff;\" href=\"https:\/\/facebook.com\/CotoDeLobosOficial\/\" target=\"_blank\" rel=\"noopener\">https:\/\/facebook.com\/CotoDeLobosOficial\/<\/a><\/span><a title=\"ruben borja\" href=\"http:\/\/on.fb.me\/rubenborja\" target=\"_blank\" rel=\"noopener\"><br \/>\n<\/a>CANAL DE YOUTUBE:\u00a0<span style=\"color: #0000ff;\"><a style=\"color: #0000ff;\" title=\" onclick =\" href=\"http:\/\/www.youtube.com\/user\/CotoDeLobos\" target=\"_blank\" rel=\"noopener\">http:\/youtube.com<\/a><strong><a style=\"color: #0000ff;\" title=\" onclick =\" href=\"http:\/\/www.youtube.com\/user\/CotoDeLobos\" target=\"_blank\" rel=\"noopener\">\/<\/a><\/strong><a style=\"color: #0000ff;\" title=\" onclick =\" href=\"http:\/\/www.youtube.com\/user\/CotoDeLobos\" target=\"_blank\" rel=\"noopener\">user\/CotoDeLobos<\/a><\/span><a title=\"youtube de mi perro educado\" href=\"http:\/\/www.youtube.com\/user\/MiPerroEducado\" target=\"_blank\" rel=\"noopener\"><br \/>\n<\/a>OTRO DE MIS BLOGS:\u00a0<a title=\"como educar perros\" href=\"http:\/\/miperroeducado.com\/\" target=\"_blank\" rel=\"noopener\"><span style=\"color: #0000ff;\">http:\/\/MiPerroEducado.com<\/span><br \/>\n<\/a>HAZME LA PREGUNTA QUE QUIERAS:\u00a0<span style=\"color: #0000ff;\"><a style=\"color: #0000ff;\" title=\" onclick =\" href=\"http:\/\/ask.fm\/RubenBorjaM\" target=\"_blank\" rel=\"noopener\">http:\/\/ask.fm\/RubenBorjaM<\/a><\/span><\/p>\n<p><a href=\"https:\/\/cotodelobos.com\/blog\/wp-content\/uploads\/2011\/02\/envio-de-comentarios2.jpg\"><img loading=\"lazy\" decoding=\"async\" loading=\"lazy\" class=\"aligncenter size-full wp-image-1415\" src=\"https:\/\/cotodelobos.com\/blog\/wp-content\/uploads\/2011\/02\/envio-de-comentarios2.jpg\" alt=\"envio-de-comentarios2\" width=\"492\" height=\"118\"  title=\"Principios De Cria Por Max von Stephanitz\" srcset=\"https:\/\/cotodelobos.com\/blog\/wp-content\/uploads\/2011\/02\/envio-de-comentarios2.jpg 492w, https:\/\/cotodelobos.com\/blog\/wp-content\/uploads\/2011\/02\/envio-de-comentarios2-300x71.jpg 300w\" sizes=\"auto, (max-width: 492px) 100vw, 492px\" \/><\/a><\/p>\n","protected":false},"excerpt":{"rendered":"<p>Principios y directivas dadas por Max von Stephanitz para la cr\u00eda del Pastor Alem\u00e1n 1) Con frecuencia se presentan principiantes con el pedido que se les suministre una &#8220;pareja de cachorros pastor alem\u00e1n&#8220;, para que m\u00e1s tarde, puedan &#8220;criar&#8221; con ellos.<\/p>\n","protected":false},"author":1,"featured_media":1036,"comment_status":"open","ping_status":"open","sticky":false,"template":"","format":"standard","meta":{"nf_dc_page":"","footnotes":""},"categories":[5,10,11],"tags":[90,35,36],"class_list":["post-1035","post","type-post","status-publish","format-standard","has-post-thumbnail","hentry","category-coto-de-lobos","category-historias-de-pastores-alemanes","category-tips-para-comenzar","tag-max-von-stephanitz","tag-ovejero-aleman","tag-pastor-aleman"],"yoast_head":"<!-- This site is optimized with the Yoast SEO plugin v28.4 - https:\/\/yoast.com\/product\/yoast-seo-wordpress\/ -->\n<title>Principios De Cria Por Max von Stephanitz - Coto de Lobos<\/title>\n<meta name=\"robots\" content=\"index, follow, max-snippet:-1, max-image-preview:large, max-video-preview:-1\" \/>\n<link rel=\"canonical\" href=\"https:\/\/cotodelobos.com\/blog\/max-von-stephanitz\/\" \/>\n<meta property=\"og:locale\" content=\"es_ES\" \/>\n<meta property=\"og:type\" content=\"article\" \/>\n<meta property=\"og:title\" content=\"Principios De Cria Por Max von Stephanitz - Coto de Lobos\" \/>\n<meta property=\"og:description\" content=\"Principios y directivas dadas por Max von Stephanitz para la cr\u00eda del Pastor Alem\u00e1n 1) Con frecuencia se presentan principiantes con el pedido que se les suministre una &#8220;pareja de cachorros pastor alem\u00e1n&#8220;, para que m\u00e1s tarde, puedan &#8220;criar&#8221; con ellos.\" \/>\n<meta property=\"og:url\" content=\"https:\/\/cotodelobos.com\/blog\/max-von-stephanitz\/\" \/>\n<meta property=\"og:site_name\" content=\"Coto de Lobos\" \/>\n<meta property=\"article:publisher\" content=\"https:\/\/www.facebook.com\/CotoDeLobosOficial\" \/>\n<meta property=\"article:published_time\" content=\"2012-02-22T21:53:14+00:00\" \/>\n<meta property=\"article:modified_time\" content=\"2018-06-19T17:42:11+00:00\" \/>\n<meta property=\"og:image\" content=\"https:\/\/cotodelobos.com\/blog\/wp-content\/uploads\/2012\/02\/vonstephanitz-2.jpg\" \/>\n\t<meta property=\"og:image:width\" content=\"205\" \/>\n\t<meta property=\"og:image:height\" content=\"27\" \/>\n\t<meta property=\"og:image:type\" content=\"image\/jpeg\" \/>\n<meta name=\"author\" content=\"Rub\u00e9n Borja\" \/>\n<meta name=\"twitter:card\" content=\"summary_large_image\" \/>\n<meta name=\"twitter:creator\" content=\"@arbo\" \/>\n<meta name=\"twitter:label1\" content=\"Escrito por\" \/>\n\t<meta name=\"twitter:data1\" content=\"Rub\u00e9n Borja\" \/>\n\t<meta name=\"twitter:label2\" content=\"Tiempo de lectura\" \/>\n\t<meta name=\"twitter:data2\" content=\"5 minutos\" \/>\n<script type=\"application\/ld+json\" class=\"yoast-schema-graph\">{\"@context\":\"https:\\\/\\\/schema.org\",\"@graph\":[{\"@type\":\"Article\",\"@id\":\"https:\\\/\\\/cotodelobos.com\\\/blog\\\/max-von-stephanitz\\\/#article\",\"isPartOf\":{\"@id\":\"https:\\\/\\\/cotodelobos.com\\\/blog\\\/max-von-stephanitz\\\/\"},\"author\":{\"name\":\"Rub\u00e9n Borja\",\"@id\":\"https:\\\/\\\/cotodelobos.com\\\/blog\\\/#\\\/schema\\\/person\\\/e794c5c7281382f93c46e84e56ded0a6\"},\"headline\":\"Principios De Cria Por Max von Stephanitz\",\"datePublished\":\"2012-02-22T21:53:14+00:00\",\"dateModified\":\"2018-06-19T17:42:11+00:00\",\"mainEntityOfPage\":{\"@id\":\"https:\\\/\\\/cotodelobos.com\\\/blog\\\/max-von-stephanitz\\\/\"},\"wordCount\":980,\"commentCount\":9,\"publisher\":{\"@id\":\"https:\\\/\\\/cotodelobos.com\\\/blog\\\/#organization\"},\"image\":{\"@id\":\"https:\\\/\\\/cotodelobos.com\\\/blog\\\/max-von-stephanitz\\\/#primaryimage\"},\"thumbnailUrl\":\"https:\\\/\\\/cotodelobos.com\\\/blog\\\/wp-content\\\/uploads\\\/2012\\\/02\\\/vonstephanitz-2.jpg\",\"keywords\":[\"Max von Stephanitz\",\"ovejero aleman\",\"pastor aleman\"],\"articleSection\":[\"Coto de Lobos\",\"Historias de Pastores Alemanes\",\"Tips Para Comenzar\"],\"inLanguage\":\"es\",\"potentialAction\":[{\"@type\":\"CommentAction\",\"name\":\"Comment\",\"target\":[\"https:\\\/\\\/cotodelobos.com\\\/blog\\\/max-von-stephanitz\\\/#respond\"]}]},{\"@type\":\"WebPage\",\"@id\":\"https:\\\/\\\/cotodelobos.com\\\/blog\\\/max-von-stephanitz\\\/\",\"url\":\"https:\\\/\\\/cotodelobos.com\\\/blog\\\/max-von-stephanitz\\\/\",\"name\":\"Principios De Cria Por Max von Stephanitz - Coto de Lobos\",\"isPartOf\":{\"@id\":\"https:\\\/\\\/cotodelobos.com\\\/blog\\\/#website\"},\"primaryImageOfPage\":{\"@id\":\"https:\\\/\\\/cotodelobos.com\\\/blog\\\/max-von-stephanitz\\\/#primaryimage\"},\"image\":{\"@id\":\"https:\\\/\\\/cotodelobos.com\\\/blog\\\/max-von-stephanitz\\\/#primaryimage\"},\"thumbnailUrl\":\"https:\\\/\\\/cotodelobos.com\\\/blog\\\/wp-content\\\/uploads\\\/2012\\\/02\\\/vonstephanitz-2.jpg\",\"datePublished\":\"2012-02-22T21:53:14+00:00\",\"dateModified\":\"2018-06-19T17:42:11+00:00\",\"breadcrumb\":{\"@id\":\"https:\\\/\\\/cotodelobos.com\\\/blog\\\/max-von-stephanitz\\\/#breadcrumb\"},\"inLanguage\":\"es\",\"potentialAction\":[{\"@type\":\"ReadAction\",\"target\":[\"https:\\\/\\\/cotodelobos.com\\\/blog\\\/max-von-stephanitz\\\/\"]}]},{\"@type\":\"ImageObject\",\"inLanguage\":\"es\",\"@id\":\"https:\\\/\\\/cotodelobos.com\\\/blog\\\/max-von-stephanitz\\\/#primaryimage\",\"url\":\"https:\\\/\\\/cotodelobos.com\\\/blog\\\/wp-content\\\/uploads\\\/2012\\\/02\\\/vonstephanitz-2.jpg\",\"contentUrl\":\"https:\\\/\\\/cotodelobos.com\\\/blog\\\/wp-content\\\/uploads\\\/2012\\\/02\\\/vonstephanitz-2.jpg\",\"width\":\"205\",\"height\":\"27\",\"caption\":\"pastor alem\u00e1n\"},{\"@type\":\"BreadcrumbList\",\"@id\":\"https:\\\/\\\/cotodelobos.com\\\/blog\\\/max-von-stephanitz\\\/#breadcrumb\",\"itemListElement\":[{\"@type\":\"ListItem\",\"position\":1,\"name\":\"Portada\",\"item\":\"https:\\\/\\\/cotodelobos.com\\\/blog\\\/\"},{\"@type\":\"ListItem\",\"position\":2,\"name\":\"Principios De Cria Por Max von Stephanitz\"}]},{\"@type\":\"WebSite\",\"@id\":\"https:\\\/\\\/cotodelobos.com\\\/blog\\\/#website\",\"url\":\"https:\\\/\\\/cotodelobos.com\\\/blog\\\/\",\"name\":\"Coto de Lobos\",\"description\":\"Cria Natural del Pastor Alem\u00e1n SV\",\"publisher\":{\"@id\":\"https:\\\/\\\/cotodelobos.com\\\/blog\\\/#organization\"},\"potentialAction\":[{\"@type\":\"SearchAction\",\"target\":{\"@type\":\"EntryPoint\",\"urlTemplate\":\"https:\\\/\\\/cotodelobos.com\\\/blog\\\/?s={search_term_string}\"},\"query-input\":{\"@type\":\"PropertyValueSpecification\",\"valueRequired\":true,\"valueName\":\"search_term_string\"}}],\"inLanguage\":\"es\"},{\"@type\":\"Organization\",\"@id\":\"https:\\\/\\\/cotodelobos.com\\\/blog\\\/#organization\",\"name\":\"Coto de Lobos\",\"url\":\"https:\\\/\\\/cotodelobos.com\\\/blog\\\/\",\"logo\":{\"@type\":\"ImageObject\",\"inLanguage\":\"es\",\"@id\":\"https:\\\/\\\/cotodelobos.com\\\/blog\\\/#\\\/schema\\\/logo\\\/image\\\/\",\"url\":\"https:\\\/\\\/cotodelobos.com\\\/blog\\\/wp-content\\\/uploads\\\/2026\\\/06\\\/logotipo-2026-PNG.png\",\"contentUrl\":\"https:\\\/\\\/cotodelobos.com\\\/blog\\\/wp-content\\\/uploads\\\/2026\\\/06\\\/logotipo-2026-PNG.png\",\"width\":940,\"height\":788,\"caption\":\"Coto de Lobos\"},\"image\":{\"@id\":\"https:\\\/\\\/cotodelobos.com\\\/blog\\\/#\\\/schema\\\/logo\\\/image\\\/\"},\"sameAs\":[\"https:\\\/\\\/www.facebook.com\\\/CotoDeLobosOficial\",\"https:\\\/\\\/www.youtube.com\\\/@CotoDeLobos\",\"https:\\\/\\\/www.instagram.com\\\/cotodelobos\\\/\"]},{\"@type\":\"Person\",\"@id\":\"https:\\\/\\\/cotodelobos.com\\\/blog\\\/#\\\/schema\\\/person\\\/e794c5c7281382f93c46e84e56ded0a6\",\"name\":\"Rub\u00e9n Borja\",\"sameAs\":[\"https:\\\/\\\/x.com\\\/arbo\"],\"url\":\"https:\\\/\\\/cotodelobos.com\\\/blog\\\/author\\\/arbo\\\/\"}]}<\/script>\n<!-- \/ Yoast SEO plugin. -->","yoast_head_json":{"title":"Principios De Cria Por Max von Stephanitz - Coto de Lobos","robots":{"index":"index","follow":"follow","max-snippet":"max-snippet:-1","max-image-preview":"max-image-preview:large","max-video-preview":"max-video-preview:-1"},"canonical":"https:\/\/cotodelobos.com\/blog\/max-von-stephanitz\/","og_locale":"es_ES","og_type":"article","og_title":"Principios De Cria Por Max von Stephanitz - Coto de Lobos","og_description":"Principios y directivas dadas por Max von Stephanitz para la cr\u00eda del Pastor Alem\u00e1n 1) Con frecuencia se presentan principiantes con el pedido que se les suministre una &#8220;pareja de cachorros pastor alem\u00e1n&#8220;, para que m\u00e1s tarde, puedan &#8220;criar&#8221; con ellos.","og_url":"https:\/\/cotodelobos.com\/blog\/max-von-stephanitz\/","og_site_name":"Coto de Lobos","article_publisher":"https:\/\/www.facebook.com\/CotoDeLobosOficial","article_published_time":"2012-02-22T21:53:14+00:00","article_modified_time":"2018-06-19T17:42:11+00:00","og_image":[{"width":205,"height":27,"url":"https:\/\/cotodelobos.com\/blog\/wp-content\/uploads\/2012\/02\/vonstephanitz-2.jpg","type":"image\/jpeg"}],"author":"Rub\u00e9n Borja","twitter_card":"summary_large_image","twitter_creator":"@arbo","twitter_misc":{"Escrito por":"Rub\u00e9n Borja","Tiempo de lectura":"5 minutos"},"schema":{"@context":"https:\/\/schema.org","@graph":[{"@type":"Article","@id":"https:\/\/cotodelobos.com\/blog\/max-von-stephanitz\/#article","isPartOf":{"@id":"https:\/\/cotodelobos.com\/blog\/max-von-stephanitz\/"},"author":{"name":"Rub\u00e9n Borja","@id":"https:\/\/cotodelobos.com\/blog\/#\/schema\/person\/e794c5c7281382f93c46e84e56ded0a6"},"headline":"Principios De Cria Por Max von Stephanitz","datePublished":"2012-02-22T21:53:14+00:00","dateModified":"2018-06-19T17:42:11+00:00","mainEntityOfPage":{"@id":"https:\/\/cotodelobos.com\/blog\/max-von-stephanitz\/"},"wordCount":980,"commentCount":9,"publisher":{"@id":"https:\/\/cotodelobos.com\/blog\/#organization"},"image":{"@id":"https:\/\/cotodelobos.com\/blog\/max-von-stephanitz\/#primaryimage"},"thumbnailUrl":"https:\/\/cotodelobos.com\/blog\/wp-content\/uploads\/2012\/02\/vonstephanitz-2.jpg","keywords":["Max von Stephanitz","ovejero aleman","pastor aleman"],"articleSection":["Coto de Lobos","Historias de Pastores Alemanes","Tips Para Comenzar"],"inLanguage":"es","potentialAction":[{"@type":"CommentAction","name":"Comment","target":["https:\/\/cotodelobos.com\/blog\/max-von-stephanitz\/#respond"]}]},{"@type":"WebPage","@id":"https:\/\/cotodelobos.com\/blog\/max-von-stephanitz\/","url":"https:\/\/cotodelobos.com\/blog\/max-von-stephanitz\/","name":"Principios De Cria Por Max von Stephanitz - Coto de Lobos","isPartOf":{"@id":"https:\/\/cotodelobos.com\/blog\/#website"},"primaryImageOfPage":{"@id":"https:\/\/cotodelobos.com\/blog\/max-von-stephanitz\/#primaryimage"},"image":{"@id":"https:\/\/cotodelobos.com\/blog\/max-von-stephanitz\/#primaryimage"},"thumbnailUrl":"https:\/\/cotodelobos.com\/blog\/wp-content\/uploads\/2012\/02\/vonstephanitz-2.jpg","datePublished":"2012-02-22T21:53:14+00:00","dateModified":"2018-06-19T17:42:11+00:00","breadcrumb":{"@id":"https:\/\/cotodelobos.com\/blog\/max-von-stephanitz\/#breadcrumb"},"inLanguage":"es","potentialAction":[{"@type":"ReadAction","target":["https:\/\/cotodelobos.com\/blog\/max-von-stephanitz\/"]}]},{"@type":"ImageObject","inLanguage":"es","@id":"https:\/\/cotodelobos.com\/blog\/max-von-stephanitz\/#primaryimage","url":"https:\/\/cotodelobos.com\/blog\/wp-content\/uploads\/2012\/02\/vonstephanitz-2.jpg","contentUrl":"https:\/\/cotodelobos.com\/blog\/wp-content\/uploads\/2012\/02\/vonstephanitz-2.jpg","width":"205","height":"27","caption":"pastor alem\u00e1n"},{"@type":"BreadcrumbList","@id":"https:\/\/cotodelobos.com\/blog\/max-von-stephanitz\/#breadcrumb","itemListElement":[{"@type":"ListItem","position":1,"name":"Portada","item":"https:\/\/cotodelobos.com\/blog\/"},{"@type":"ListItem","position":2,"name":"Principios De Cria Por Max von Stephanitz"}]},{"@type":"WebSite","@id":"https:\/\/cotodelobos.com\/blog\/#website","url":"https:\/\/cotodelobos.com\/blog\/","name":"Coto de Lobos","description":"Cria Natural del Pastor Alem\u00e1n SV","publisher":{"@id":"https:\/\/cotodelobos.com\/blog\/#organization"},"potentialAction":[{"@type":"SearchAction","target":{"@type":"EntryPoint","urlTemplate":"https:\/\/cotodelobos.com\/blog\/?s={search_term_string}"},"query-input":{"@type":"PropertyValueSpecification","valueRequired":true,"valueName":"search_term_string"}}],"inLanguage":"es"},{"@type":"Organization","@id":"https:\/\/cotodelobos.com\/blog\/#organization","name":"Coto de Lobos","url":"https:\/\/cotodelobos.com\/blog\/","logo":{"@type":"ImageObject","inLanguage":"es","@id":"https:\/\/cotodelobos.com\/blog\/#\/schema\/logo\/image\/","url":"https:\/\/cotodelobos.com\/blog\/wp-content\/uploads\/2026\/06\/logotipo-2026-PNG.png","contentUrl":"https:\/\/cotodelobos.com\/blog\/wp-content\/uploads\/2026\/06\/logotipo-2026-PNG.png","width":940,"height":788,"caption":"Coto de Lobos"},"image":{"@id":"https:\/\/cotodelobos.com\/blog\/#\/schema\/logo\/image\/"},"sameAs":["https:\/\/www.facebook.com\/CotoDeLobosOficial","https:\/\/www.youtube.com\/@CotoDeLobos","https:\/\/www.instagram.com\/cotodelobos\/"]},{"@type":"Person","@id":"https:\/\/cotodelobos.com\/blog\/#\/schema\/person\/e794c5c7281382f93c46e84e56ded0a6","name":"Rub\u00e9n Borja","sameAs":["https:\/\/x.com\/arbo"],"url":"https:\/\/cotodelobos.com\/blog\/author\/arbo\/"}]}},"_links":{"self":[{"href":"https:\/\/cotodelobos.com\/blog\/wp-json\/wp\/v2\/posts\/1035","targetHints":{"allow":["GET"]}}],"collection":[{"href":"https:\/\/cotodelobos.com\/blog\/wp-json\/wp\/v2\/posts"}],"about":[{"href":"https:\/\/cotodelobos.com\/blog\/wp-json\/wp\/v2\/types\/post"}],"author":[{"embeddable":true,"href":"https:\/\/cotodelobos.com\/blog\/wp-json\/wp\/v2\/users\/1"}],"replies":[{"embeddable":true,"href":"https:\/\/cotodelobos.com\/blog\/wp-json\/wp\/v2\/comments?post=1035"}],"version-history":[{"count":29,"href":"https:\/\/cotodelobos.com\/blog\/wp-json\/wp\/v2\/posts\/1035\/revisions"}],"predecessor-version":[{"id":3114,"href":"https:\/\/cotodelobos.com\/blog\/wp-json\/wp\/v2\/posts\/1035\/revisions\/3114"}],"wp:featuredmedia":[{"embeddable":true,"href":"https:\/\/cotodelobos.com\/blog\/wp-json\/wp\/v2\/media\/1036"}],"wp:attachment":[{"href":"https:\/\/cotodelobos.com\/blog\/wp-json\/wp\/v2\/media?parent=1035"}],"wp:term":[{"taxonomy":"category","embeddable":true,"href":"https:\/\/cotodelobos.com\/blog\/wp-json\/wp\/v2\/categories?post=1035"},{"taxonomy":"post_tag","embeddable":true,"href":"https:\/\/cotodelobos.com\/blog\/wp-json\/wp\/v2\/tags?post=1035"}],"curies":[{"name":"wp","href":"https:\/\/api.w.org\/{rel}","templated":true}]}}